[{"@context":"https:\/\/schema.org\/","@type":"Blog","@id":"https:\/\/www.abbazia.cz#Blog","headline":"Abbazia","description":"\nNa na\u0161\u00ed internetov\u00e9 str\u00e1nce v\u00edme, co pot\u0159ebujete v\u011bd\u011bt, a proto\u017ee to v\u00edme, v\u00edte to d\u00edky n\u00e1m i vy. A v\u00edme, \u017ee je v\u00e1m prosp\u011b\u0161n\u00e9, \u017ee v\u00edte to, co v\u00edte.","url":"https:\/\/www.abbazia.cz","hasPart":[{"@type":"Article","@id":"https:\/\/www.abbazia.cz\/krasne-sny-se-vam-budou-zdat-i-na-rozkladaci-pohovce\/","headline":"Kr\u00e1sn\u00e9 sny se v\u00e1m budou zd\u00e1t i na rozkl\u00e1dac\u00ed pohovce","url":"https:\/\/www.abbazia.cz\/krasne-sny-se-vam-budou-zdat-i-na-rozkladaci-pohovce\/","datePublished":"2026-08-20","dateModified":"2023-05-07","mainEntityOfPage":"https:\/\/www.abbazia.cz\/krasne-sny-se-vam-budou-zdat-i-na-rozkladaci-pohovce\/","author":{"@type":"Person","@id":"https:\/\/www.abbazia.cz\/author\/#Person","name":"","url":"https:\/\/www.abbazia.cz\/author\/","identifier":1,"image":{"@type":"ImageObject","@id":"https:\/\/secure.gravatar.com\/avatar\/baa231f7e1963b29d6549eb0e137b049d877d4e97c51386f463c7d4fc98329bd?s=96&d=mm&r=g","url":"https:\/\/secure.gravatar.com\/avatar\/baa231f7e1963b29d6549eb0e137b049d877d4e97c51386f463c7d4fc98329bd?s=96&d=mm&r=g","height":96,"width":96}},"publisher":{"@type":"Organization","name":"abbazia.cz","logo":{"@type":"ImageObject","@id":"\/logo.png","url":"\/logo.png","width":600,"height":60}},"image":{"@type":"ImageObject","@id":"https:\/\/www.abbazia.cz\/wp-content\/uploads\/art283956_1x1_20260814_141251_likw3Y.jpg","url":"https:\/\/www.abbazia.cz\/wp-content\/uploads\/art283956_1x1_20260814_141251_likw3Y.jpg","height":0,"width":0},"wordCount":482,"keywords":null},{"@type":"Article","@id":"https:\/\/www.abbazia.cz\/pujcete-si-snadno-a-rychle\/","headline":"P\u016fj\u010dete si snadno a rychle","url":"https:\/\/www.abbazia.cz\/pujcete-si-snadno-a-rychle\/","datePublished":"2026-08-20","dateModified":"2023-05-07","mainEntityOfPage":"https:\/\/www.abbazia.cz\/pujcete-si-snadno-a-rychle\/","author":{"@type":"Person","@id":"https:\/\/www.abbazia.cz\/author\/#Person","name":"","url":"https:\/\/www.abbazia.cz\/author\/","identifier":1,"image":{"@type":"ImageObject","@id":"https:\/\/secure.gravatar.com\/avatar\/baa231f7e1963b29d6549eb0e137b049d877d4e97c51386f463c7d4fc98329bd?s=96&d=mm&r=g","url":"https:\/\/secure.gravatar.com\/avatar\/baa231f7e1963b29d6549eb0e137b049d877d4e97c51386f463c7d4fc98329bd?s=96&d=mm&r=g","height":96,"width":96}},"publisher":{"@type":"Organization","name":"abbazia.cz","logo":{"@type":"ImageObject","@id":"\/logo.png","url":"\/logo.png","width":600,"height":60}},"image":{"@type":"ImageObject","@id":"https:\/\/www.abbazia.cz\/wp-content\/uploads\/art284716_3x2_20260816_042242_InAY5m.jpg","url":"https:\/\/www.abbazia.cz\/wp-content\/uploads\/art284716_3x2_20260816_042242_InAY5m.jpg","height":0,"width":0},"wordCount":500,"keywords":null},{"@type":"Article","@id":"https:\/\/www.abbazia.cz\/nejprve-pojime-pak-uvidime\/","headline":"Nejprve poj\u00edme, pak uvid\u00edme","url":"https:\/\/www.abbazia.cz\/nejprve-pojime-pak-uvidime\/","datePublished":"2026-08-11","dateModified":"2026-08-11","mainEntityOfPage":"https:\/\/www.abbazia.cz\/nejprve-pojime-pak-uvidime\/","author":{"@type":"Person","@id":"https:\/\/www.abbazia.cz\/author\/#Person","name":"","url":"https:\/\/www.abbazia.cz\/author\/","identifier":1,"image":{"@type":"ImageObject","@id":"https:\/\/secure.gravatar.com\/avatar\/baa231f7e1963b29d6549eb0e137b049d877d4e97c51386f463c7d4fc98329bd?s=96&d=mm&r=g","url":"https:\/\/secure.gravatar.com\/avatar\/baa231f7e1963b29d6549eb0e137b049d877d4e97c51386f463c7d4fc98329bd?s=96&d=mm&r=g","height":96,"width":96}},"publisher":{"@type":"Organization","name":"abbazia.cz","logo":{"@type":"ImageObject","@id":"\/logo.png","url":"\/logo.png","width":600,"height":60}},"image":null,"wordCount":528,"keywords":null},{"@type":"Article","@id":"https:\/\/www.abbazia.cz\/ozivte-svuj-interier\/","headline":"O\u017eivte sv\u016fj interi\u00e9r","url":"https:\/\/www.abbazia.cz\/ozivte-svuj-interier\/","datePublished":"2025-08-31","dateModified":"2025-08-31","mainEntityOfPage":"https:\/\/www.abbazia.cz\/ozivte-svuj-interier\/","author":{"@type":"Person","@id":"https:\/\/www.abbazia.cz\/author\/#Person","name":"","url":"https:\/\/www.abbazia.cz\/author\/","identifier":1,"image":{"@type":"ImageObject","@id":"https:\/\/secure.gravatar.com\/avatar\/baa231f7e1963b29d6549eb0e137b049d877d4e97c51386f463c7d4fc98329bd?s=96&d=mm&r=g","url":"https:\/\/secure.gravatar.com\/avatar\/baa231f7e1963b29d6549eb0e137b049d877d4e97c51386f463c7d4fc98329bd?s=96&d=mm&r=g","height":96,"width":96}},"publisher":{"@type":"Organization","name":"abbazia.cz","logo":{"@type":"ImageObject","@id":"\/logo.png","url":"\/logo.png","width":600,"height":60}},"image":null,"wordCount":267,"keywords":null},{"@type":"Article","@id":"https:\/\/www.abbazia.cz\/luxusni-vzhled-pro-vas-vuz\/","headline":"Luxusn\u00ed vzhled pro v\u00e1\u0161 v\u016fz","url":"https:\/\/www.abbazia.cz\/luxusni-vzhled-pro-vas-vuz\/","datePublished":"2025-08-21","dateModified":"2025-08-21","mainEntityOfPage":"https:\/\/www.abbazia.cz\/luxusni-vzhled-pro-vas-vuz\/","author":{"@type":"Person","@id":"https:\/\/www.abbazia.cz\/author\/#Person","name":"","url":"https:\/\/www.abbazia.cz\/author\/","identifier":1,"image":{"@type":"ImageObject","@id":"https:\/\/secure.gravatar.com\/avatar\/baa231f7e1963b29d6549eb0e137b049d877d4e97c51386f463c7d4fc98329bd?s=96&d=mm&r=g","url":"https:\/\/secure.gravatar.com\/avatar\/baa231f7e1963b29d6549eb0e137b049d877d4e97c51386f463c7d4fc98329bd?s=96&d=mm&r=g","height":96,"width":96}},"publisher":{"@type":"Organization","name":"abbazia.cz","logo":{"@type":"ImageObject","@id":"\/logo.png","url":"\/logo.png","width":600,"height":60}},"image":null,"wordCount":278,"keywords":null},{"@type":"Article","@id":"https:\/\/www.abbazia.cz\/nikdy-neni-pozde\/","headline":"Nikdy nen\u00ed pozd\u011b!","url":"https:\/\/www.abbazia.cz\/nikdy-neni-pozde\/","datePublished":"2025-08-17","dateModified":"2025-08-17","mainEntityOfPage":"https:\/\/www.abbazia.cz\/nikdy-neni-pozde\/","author":{"@type":"Person","@id":"https:\/\/www.abbazia.cz\/author\/#Person","name":"","url":"https:\/\/www.abbazia.cz\/author\/","identifier":1,"image":{"@type":"ImageObject","@id":"https:\/\/secure.gravatar.com\/avatar\/baa231f7e1963b29d6549eb0e137b049d877d4e97c51386f463c7d4fc98329bd?s=96&d=mm&r=g","url":"https:\/\/secure.gravatar.com\/avatar\/baa231f7e1963b29d6549eb0e137b049d877d4e97c51386f463c7d4fc98329bd?s=96&d=mm&r=g","height":96,"width":96}},"publisher":{"@type":"Organization","name":"abbazia.cz","logo":{"@type":"ImageObject","@id":"\/logo.png","url":"\/logo.png","width":600,"height":60}},"image":null,"wordCount":225,"keywords":null},{"@type":"Article","@id":"https:\/\/www.abbazia.cz\/mate-chut-si-hrat\/","headline":"M\u00e1te chu\u0165 si hr\u00e1t","url":"https:\/\/www.abbazia.cz\/mate-chut-si-hrat\/","datePublished":"2025-08-13","dateModified":"2025-08-13","mainEntityOfPage":"https:\/\/www.abbazia.cz\/mate-chut-si-hrat\/","author":{"@type":"Person","@id":"https:\/\/www.abbazia.cz\/author\/#Person","name":"","url":"https:\/\/www.abbazia.cz\/author\/","identifier":1,"image":{"@type":"ImageObject","@id":"https:\/\/secure.gravatar.com\/avatar\/baa231f7e1963b29d6549eb0e137b049d877d4e97c51386f463c7d4fc98329bd?s=96&d=mm&r=g","url":"https:\/\/secure.gravatar.com\/avatar\/baa231f7e1963b29d6549eb0e137b049d877d4e97c51386f463c7d4fc98329bd?s=96&d=mm&r=g","height":96,"width":96}},"publisher":{"@type":"Organization","name":"abbazia.cz","logo":{"@type":"ImageObject","@id":"\/logo.png","url":"\/logo.png","width":600,"height":60}},"image":null,"wordCount":223,"keywords":null},{"@type":"Article","@id":"https:\/\/www.abbazia.cz\/penize-musime-mit\/","headline":"Pen\u00edze mus\u00edme m\u00edt","url":"https:\/\/www.abbazia.cz\/penize-musime-mit\/","datePublished":"2025-08-07","dateModified":"2025-08-07","mainEntityOfPage":"https:\/\/www.abbazia.cz\/penize-musime-mit\/","author":{"@type":"Person","@id":"https:\/\/www.abbazia.cz\/author\/#Person","name":"","url":"https:\/\/www.abbazia.cz\/author\/","identifier":1,"image":{"@type":"ImageObject","@id":"https:\/\/secure.gravatar.com\/avatar\/baa231f7e1963b29d6549eb0e137b049d877d4e97c51386f463c7d4fc98329bd?s=96&d=mm&r=g","url":"https:\/\/secure.gravatar.com\/avatar\/baa231f7e1963b29d6549eb0e137b049d877d4e97c51386f463c7d4fc98329bd?s=96&d=mm&r=g","height":96,"width":96}},"publisher":{"@type":"Organization","name":"abbazia.cz","logo":{"@type":"ImageObject","@id":"\/logo.png","url":"\/logo.png","width":600,"height":60}},"image":{"@type":"ImageObject","@id":"https:\/\/www.abbazia.cz\/wp-content\/uploads\/pppppppppp_10_10_10_9.jpg","url":"https:\/\/www.abbazia.cz\/wp-content\/uploads\/pppppppppp_10_10_10_9.jpg","height":0,"width":0},"wordCount":580,"keywords":null},{"@type":"Article","@id":"https:\/\/www.abbazia.cz\/budte-originalni\/","headline":"Bu\u010fte origin\u00e1ln\u00ed","url":"https:\/\/www.abbazia.cz\/budte-originalni\/","datePublished":"2025-08-07","dateModified":"2025-08-07","mainEntityOfPage":"https:\/\/www.abbazia.cz\/budte-originalni\/","author":{"@type":"Person","@id":"https:\/\/www.abbazia.cz\/author\/#Person","name":"","url":"https:\/\/www.abbazia.cz\/author\/","identifier":1,"image":{"@type":"ImageObject","@id":"https:\/\/secure.gravatar.com\/avatar\/baa231f7e1963b29d6549eb0e137b049d877d4e97c51386f463c7d4fc98329bd?s=96&d=mm&r=g","url":"https:\/\/secure.gravatar.com\/avatar\/baa231f7e1963b29d6549eb0e137b049d877d4e97c51386f463c7d4fc98329bd?s=96&d=mm&r=g","height":96,"width":96}},"publisher":{"@type":"Organization","name":"abbazia.cz","logo":{"@type":"ImageObject","@id":"\/logo.png","url":"\/logo.png","width":600,"height":60}},"image":null,"wordCount":203,"keywords":null},{"@type":"Article","@id":"https:\/\/www.abbazia.cz\/moderni-nabytek-za-super-ceny-si-muze-poridit-opravdu-kazdy\/","headline":"Modern\u00ed n\u00e1bytek za super ceny si m\u016f\u017ee po\u0159\u00eddit opravdu ka\u017ed\u00fd","url":"https:\/\/www.abbazia.cz\/moderni-nabytek-za-super-ceny-si-muze-poridit-opravdu-kazdy\/","datePublished":"2025-08-01","dateModified":"2025-08-01","mainEntityOfPage":"https:\/\/www.abbazia.cz\/moderni-nabytek-za-super-ceny-si-muze-poridit-opravdu-kazdy\/","author":{"@type":"Person","@id":"https:\/\/www.abbazia.cz\/author\/#Person","name":"","url":"https:\/\/www.abbazia.cz\/author\/","identifier":1,"image":{"@type":"ImageObject","@id":"https:\/\/secure.gravatar.com\/avatar\/baa231f7e1963b29d6549eb0e137b049d877d4e97c51386f463c7d4fc98329bd?s=96&d=mm&r=g","url":"https:\/\/secure.gravatar.com\/avatar\/baa231f7e1963b29d6549eb0e137b049d877d4e97c51386f463c7d4fc98329bd?s=96&d=mm&r=g","height":96,"width":96}},"publisher":{"@type":"Organization","name":"abbazia.cz","logo":{"@type":"ImageObject","@id":"\/logo.png","url":"\/logo.png","width":600,"height":60}},"image":null,"wordCount":266,"keywords":null}]},{"@context":"https:\/\/schema.org","@type":"WebSite","@id":"https:\/\/www.abbazia.cz\/#website","name":"Abbazia","url":"https:\/\/www.abbazia.cz","potentialAction":{"@type":"SearchAction","target":"https:\/\/www.abbazia.cz\/?s={search_term_string}","query-input":"required name=search_term_string"}}]