{"@context":"https:\/\/schema.org\/","@type":"CollectionPage","@id":"https:\/\/www.abbazia.cz\/business\/#CollectionPage","headline":"Business Category","description":"","url":"https:\/\/www.abbazia.cz\/business\/","hasPart":[{"@type":"Article","@id":"https:\/\/www.abbazia.cz\/proc-si-doprat-dovolenou-v-chorvatsku\/","headline":"Pro\u010d si dop\u0159\u00e1t dovolenou v Chorvatsku","url":"https:\/\/www.abbazia.cz\/proc-si-doprat-dovolenou-v-chorvatsku\/","datePublished":"2025-07-01","dateModified":"2025-07-01","mainEntityOfPage":"https:\/\/www.abbazia.cz\/proc-si-doprat-dovolenou-v-chorvatsku\/","author":{"@type":"Person","@id":"https:\/\/www.abbazia.cz\/author\/#Person","name":"","url":"https:\/\/www.abbazia.cz\/author\/","identifier":1,"image":{"@type":"ImageObject","@id":"https:\/\/secure.gravatar.com\/avatar\/baa231f7e1963b29d6549eb0e137b049d877d4e97c51386f463c7d4fc98329bd?s=96&d=mm&r=g","url":"https:\/\/secure.gravatar.com\/avatar\/baa231f7e1963b29d6549eb0e137b049d877d4e97c51386f463c7d4fc98329bd?s=96&d=mm&r=g","height":96,"width":96}},"publisher":{"@type":"Organization","name":"abbazia.cz","logo":{"@type":"ImageObject","@id":"\/logo.png","url":"\/logo.png","width":600,"height":60}},"image":{"@type":"ImageObject","@id":"https:\/\/www.abbazia.cz\/wp-content\/uploads\/croatia-8123037_640_9.jpg","url":"https:\/\/www.abbazia.cz\/wp-content\/uploads\/croatia-8123037_640_9.jpg","height":0,"width":0},"keywords":null},{"@type":"Article","@id":"https:\/\/www.abbazia.cz\/planovani-cviceni-v-systemu\/","headline":"Pl\u00e1nov\u00e1n\u00ed cvi\u010den\u00ed v syst\u00e9mu","url":"https:\/\/www.abbazia.cz\/planovani-cviceni-v-systemu\/","datePublished":"2025-03-29","dateModified":"2025-03-29","mainEntityOfPage":"https:\/\/www.abbazia.cz\/planovani-cviceni-v-systemu\/","author":{"@type":"Person","@id":"https:\/\/www.abbazia.cz\/author\/#Person","name":"","url":"https:\/\/www.abbazia.cz\/author\/","identifier":1,"image":{"@type":"ImageObject","@id":"https:\/\/secure.gravatar.com\/avatar\/baa231f7e1963b29d6549eb0e137b049d877d4e97c51386f463c7d4fc98329bd?s=96&d=mm&r=g","url":"https:\/\/secure.gravatar.com\/avatar\/baa231f7e1963b29d6549eb0e137b049d877d4e97c51386f463c7d4fc98329bd?s=96&d=mm&r=g","height":96,"width":96}},"publisher":{"@type":"Organization","name":"abbazia.cz","logo":{"@type":"ImageObject","@id":"\/logo.png","url":"\/logo.png","width":600,"height":60}},"image":{"@type":"ImageObject","@id":"https:\/\/www.abbazia.cz\/wp-content\/uploads\/fitness-g27e5e9fc5_640_10_5.jpg","url":"https:\/\/www.abbazia.cz\/wp-content\/uploads\/fitness-g27e5e9fc5_640_10_5.jpg","height":0,"width":0},"keywords":null},{"@type":"Article","@id":"https:\/\/www.abbazia.cz\/na-nakupy-nebo-luxusni\/","headline":"Na n\u00e1kupy nebo luxusn\u00ed?","url":"https:\/\/www.abbazia.cz\/na-nakupy-nebo-luxusni\/","datePublished":"2025-02-17","dateModified":"2025-02-17","mainEntityOfPage":"https:\/\/www.abbazia.cz\/na-nakupy-nebo-luxusni\/","author":{"@type":"Person","@id":"https:\/\/www.abbazia.cz\/author\/#Person","name":"","url":"https:\/\/www.abbazia.cz\/author\/","identifier":1,"image":{"@type":"ImageObject","@id":"https:\/\/secure.gravatar.com\/avatar\/baa231f7e1963b29d6549eb0e137b049d877d4e97c51386f463c7d4fc98329bd?s=96&d=mm&r=g","url":"https:\/\/secure.gravatar.com\/avatar\/baa231f7e1963b29d6549eb0e137b049d877d4e97c51386f463c7d4fc98329bd?s=96&d=mm&r=g","height":96,"width":96}},"publisher":{"@type":"Organization","name":"abbazia.cz","logo":{"@type":"ImageObject","@id":"\/logo.png","url":"\/logo.png","width":600,"height":60}},"image":{"@type":"ImageObject","@id":"https:\/\/www.abbazia.cz\/wp-content\/uploads\/auto-2178926_640.jpg","url":"https:\/\/www.abbazia.cz\/wp-content\/uploads\/auto-2178926_640.jpg","height":0,"width":0},"keywords":null},{"@type":"Article","@id":"https:\/\/www.abbazia.cz\/vse-pro-vas-bazen\/","headline":"V\u0161e pro v\u00e1\u0161 baz\u00e9n","url":"https:\/\/www.abbazia.cz\/vse-pro-vas-bazen\/","datePublished":"2024-10-12","dateModified":"2024-10-12","mainEntityOfPage":"https:\/\/www.abbazia.cz\/vse-pro-vas-bazen\/","author":{"@type":"Person","@id":"https:\/\/www.abbazia.cz\/author\/#Person","name":"","url":"https:\/\/www.abbazia.cz\/author\/","identifier":1,"image":{"@type":"ImageObject","@id":"https:\/\/secure.gravatar.com\/avatar\/baa231f7e1963b29d6549eb0e137b049d877d4e97c51386f463c7d4fc98329bd?s=96&d=mm&r=g","url":"https:\/\/secure.gravatar.com\/avatar\/baa231f7e1963b29d6549eb0e137b049d877d4e97c51386f463c7d4fc98329bd?s=96&d=mm&r=g","height":96,"width":96}},"publisher":{"@type":"Organization","name":"abbazia.cz","logo":{"@type":"ImageObject","@id":"\/logo.png","url":"\/logo.png","width":600,"height":60}},"image":{"@type":"ImageObject","@id":"https:\/\/www.abbazia.cz\/wp-content\/uploads\/swimming-pool-317449_640_9.jpg","url":"https:\/\/www.abbazia.cz\/wp-content\/uploads\/swimming-pool-317449_640_9.jpg","height":0,"width":0},"keywords":null},{"@type":"Article","@id":"https:\/\/www.abbazia.cz\/dekoracni-zabradli\/","headline":"Dekora\u010dn\u00ed z\u00e1bradl\u00ed","url":"https:\/\/www.abbazia.cz\/dekoracni-zabradli\/","datePublished":"2024-04-16","dateModified":"2024-04-16","mainEntityOfPage":"https:\/\/www.abbazia.cz\/dekoracni-zabradli\/","author":{"@type":"Person","@id":"https:\/\/www.abbazia.cz\/author\/#Person","name":"","url":"https:\/\/www.abbazia.cz\/author\/","identifier":1,"image":{"@type":"ImageObject","@id":"https:\/\/secure.gravatar.com\/avatar\/baa231f7e1963b29d6549eb0e137b049d877d4e97c51386f463c7d4fc98329bd?s=96&d=mm&r=g","url":"https:\/\/secure.gravatar.com\/avatar\/baa231f7e1963b29d6549eb0e137b049d877d4e97c51386f463c7d4fc98329bd?s=96&d=mm&r=g","height":96,"width":96}},"publisher":{"@type":"Organization","name":"abbazia.cz","logo":{"@type":"ImageObject","@id":"\/logo.png","url":"\/logo.png","width":600,"height":60}},"image":{"@type":"ImageObject","@id":"https:\/\/www.abbazia.cz\/wp-content\/uploads\/staircase-5001021_1280_2.jpg","url":"https:\/\/www.abbazia.cz\/wp-content\/uploads\/staircase-5001021_1280_2.jpg","height":0,"width":0},"keywords":null},{"@type":"Article","@id":"https:\/\/www.abbazia.cz\/pro-pohyb-bez-bolesti\/","headline":"Pro pohyb bez bolesti","url":"https:\/\/www.abbazia.cz\/pro-pohyb-bez-bolesti\/","datePublished":"2024-04-13","dateModified":"2024-05-16","mainEntityOfPage":"https:\/\/www.abbazia.cz\/pro-pohyb-bez-bolesti\/","author":{"@type":"Person","@id":"https:\/\/www.abbazia.cz\/author\/#Person","name":"","url":"https:\/\/www.abbazia.cz\/author\/","identifier":1,"image":{"@type":"ImageObject","@id":"https:\/\/secure.gravatar.com\/avatar\/baa231f7e1963b29d6549eb0e137b049d877d4e97c51386f463c7d4fc98329bd?s=96&d=mm&r=g","url":"https:\/\/secure.gravatar.com\/avatar\/baa231f7e1963b29d6549eb0e137b049d877d4e97c51386f463c7d4fc98329bd?s=96&d=mm&r=g","height":96,"width":96}},"publisher":{"@type":"Organization","name":"abbazia.cz","logo":{"@type":"ImageObject","@id":"\/logo.png","url":"\/logo.png","width":600,"height":60}},"image":{"@type":"ImageObject","@id":"https:\/\/www.abbazia.cz\/wp-content\/uploads\/pexels-correxiko-collagen-6475133_10_10_10_10.jpg","url":"https:\/\/www.abbazia.cz\/wp-content\/uploads\/pexels-correxiko-collagen-6475133_10_10_10_10.jpg","height":0,"width":0},"keywords":null},{"@type":"Article","@id":"https:\/\/www.abbazia.cz\/informacni-portal-pro-je-tu-pro-vas\/","headline":"Informa\u010dn\u00ed port\u00e1l &#8222;PRO&#8220; je tu PRO v\u00e1s","url":"https:\/\/www.abbazia.cz\/informacni-portal-pro-je-tu-pro-vas\/","datePublished":"2023-11-19","dateModified":"2024-05-28","mainEntityOfPage":"https:\/\/www.abbazia.cz\/informacni-portal-pro-je-tu-pro-vas\/","author":{"@type":"Person","@id":"https:\/\/www.abbazia.cz\/author\/#Person","name":"","url":"https:\/\/www.abbazia.cz\/author\/","identifier":1,"image":{"@type":"ImageObject","@id":"https:\/\/secure.gravatar.com\/avatar\/baa231f7e1963b29d6549eb0e137b049d877d4e97c51386f463c7d4fc98329bd?s=96&d=mm&r=g","url":"https:\/\/secure.gravatar.com\/avatar\/baa231f7e1963b29d6549eb0e137b049d877d4e97c51386f463c7d4fc98329bd?s=96&d=mm&r=g","height":96,"width":96}},"publisher":{"@type":"Organization","name":"abbazia.cz","logo":{"@type":"ImageObject","@id":"\/logo.png","url":"\/logo.png","width":600,"height":60}},"image":{"@type":"ImageObject","@id":"https:\/\/www.abbazia.cz\/wp-content\/uploads\/1200px-Erection_of_human_penis_in_stages_1.jpg","url":"https:\/\/www.abbazia.cz\/wp-content\/uploads\/1200px-Erection_of_human_penis_in_stages_1.jpg","height":0,"width":0},"keywords":null},{"@type":"Article","@id":"https:\/\/www.abbazia.cz\/idealni-nabytek-do-mensich-bytu\/","headline":"Ide\u00e1ln\u00ed n\u00e1bytek do men\u0161\u00edch byt\u016f","url":"https:\/\/www.abbazia.cz\/idealni-nabytek-do-mensich-bytu\/","datePublished":"2023-08-20","dateModified":"2023-10-10","mainEntityOfPage":"https:\/\/www.abbazia.cz\/idealni-nabytek-do-mensich-bytu\/","author":{"@type":"Person","@id":"https:\/\/www.abbazia.cz\/author\/#Person","name":"","url":"https:\/\/www.abbazia.cz\/author\/","identifier":1,"image":{"@type":"ImageObject","@id":"https:\/\/secure.gravatar.com\/avatar\/baa231f7e1963b29d6549eb0e137b049d877d4e97c51386f463c7d4fc98329bd?s=96&d=mm&r=g","url":"https:\/\/secure.gravatar.com\/avatar\/baa231f7e1963b29d6549eb0e137b049d877d4e97c51386f463c7d4fc98329bd?s=96&d=mm&r=g","height":96,"width":96}},"publisher":{"@type":"Organization","name":"abbazia.cz","logo":{"@type":"ImageObject","@id":"\/logo.png","url":"\/logo.png","width":600,"height":60}},"image":{"@type":"ImageObject","@id":"https:\/\/www.abbazia.cz\/wp-content\/uploads\/Kuchyn%C4%9B_10.jpg","url":"https:\/\/www.abbazia.cz\/wp-content\/uploads\/Kuchyn%C4%9B_10.jpg","height":0,"width":0},"keywords":null},{"@type":"Article","@id":"https:\/\/www.abbazia.cz\/pomoc-pravnika-v-cele-evrope\/","headline":"Pomoc pr\u00e1vn\u00edka v cel\u00e9 Evrop\u011b","url":"https:\/\/www.abbazia.cz\/pomoc-pravnika-v-cele-evrope\/","datePublished":"2023-08-08","dateModified":"2023-08-07","mainEntityOfPage":"https:\/\/www.abbazia.cz\/pomoc-pravnika-v-cele-evrope\/","author":{"@type":"Person","@id":"https:\/\/www.abbazia.cz\/author\/#Person","name":"","url":"https:\/\/www.abbazia.cz\/author\/","identifier":1,"image":{"@type":"ImageObject","@id":"https:\/\/secure.gravatar.com\/avatar\/baa231f7e1963b29d6549eb0e137b049d877d4e97c51386f463c7d4fc98329bd?s=96&d=mm&r=g","url":"https:\/\/secure.gravatar.com\/avatar\/baa231f7e1963b29d6549eb0e137b049d877d4e97c51386f463c7d4fc98329bd?s=96&d=mm&r=g","height":96,"width":96}},"publisher":{"@type":"Organization","name":"abbazia.cz","logo":{"@type":"ImageObject","@id":"\/logo.png","url":"\/logo.png","width":600,"height":60}},"image":{"@type":"ImageObject","@id":"https:\/\/www.abbazia.cz\/wp-content\/uploads\/justice_EYiv1G.jpg","url":"https:\/\/www.abbazia.cz\/wp-content\/uploads\/justice_EYiv1G.jpg","height":0,"width":0},"keywords":null},{"@type":"Article","@id":"https:\/\/www.abbazia.cz\/necitite-se-dobre\/","headline":"Nec\u00edt\u00edte se dob\u0159e?","url":"https:\/\/www.abbazia.cz\/necitite-se-dobre\/","datePublished":"2023-06-27","dateModified":"2023-07-28","mainEntityOfPage":"https:\/\/www.abbazia.cz\/necitite-se-dobre\/","author":{"@type":"Person","@id":"https:\/\/www.abbazia.cz\/author\/#Person","name":"","url":"https:\/\/www.abbazia.cz\/author\/","identifier":1,"image":{"@type":"ImageObject","@id":"https:\/\/secure.gravatar.com\/avatar\/baa231f7e1963b29d6549eb0e137b049d877d4e97c51386f463c7d4fc98329bd?s=96&d=mm&r=g","url":"https:\/\/secure.gravatar.com\/avatar\/baa231f7e1963b29d6549eb0e137b049d877d4e97c51386f463c7d4fc98329bd?s=96&d=mm&r=g","height":96,"width":96}},"publisher":{"@type":"Organization","name":"abbazia.cz","logo":{"@type":"ImageObject","@id":"\/logo.png","url":"\/logo.png","width":600,"height":60}},"image":{"@type":"ImageObject","@id":"https:\/\/www.abbazia.cz\/wp-content\/uploads\/pexels-marcos-kohler-17182459.jpg","url":"https:\/\/www.abbazia.cz\/wp-content\/uploads\/pexels-marcos-kohler-17182459.jpg","height":0,"width":0},"keywords":null}]}