{"@context":"https:\/\/schema.org\/","@type":"CollectionPage","@id":"https:\/\/www.abbazia.cz\/business\/#CollectionPage","headline":"Business Category","description":"","url":"https:\/\/www.abbazia.cz\/business\/","hasPart":[{"@type":"Article","@id":"https:\/\/www.abbazia.cz\/spolehlive-osobni-vozidlo-mate-vzdy-po-ruce\/","headline":"Spolehliv\u00e9 osobn\u00ed vozidlo m\u00e1te v\u017edy po ruce!","url":"https:\/\/www.abbazia.cz\/spolehlive-osobni-vozidlo-mate-vzdy-po-ruce\/","datePublished":"2020-05-15","dateModified":"2023-05-07","mainEntityOfPage":"https:\/\/www.abbazia.cz\/spolehlive-osobni-vozidlo-mate-vzdy-po-ruce\/","author":{"@type":"Person","@id":"https:\/\/www.abbazia.cz\/author\/#Person","name":"","url":"https:\/\/www.abbazia.cz\/author\/","identifier":1,"image":{"@type":"ImageObject","@id":"https:\/\/secure.gravatar.com\/avatar\/baa231f7e1963b29d6549eb0e137b049d877d4e97c51386f463c7d4fc98329bd?s=96&d=mm&r=g","url":"https:\/\/secure.gravatar.com\/avatar\/baa231f7e1963b29d6549eb0e137b049d877d4e97c51386f463c7d4fc98329bd?s=96&d=mm&r=g","height":96,"width":96}},"publisher":{"@type":"Organization","name":"abbazia.cz","logo":{"@type":"ImageObject","@id":"\/logo.png","url":"\/logo.png","width":600,"height":60}},"image":{"@type":"ImageObject","@id":"https:\/\/www.abbazia.cz\/wp-content\/uploads\/%C5%A1kodovka%20logo.jpg","url":"https:\/\/www.abbazia.cz\/wp-content\/uploads\/%C5%A1kodovka%20logo.jpg","height":0,"width":0},"keywords":null},{"@type":"Article","@id":"https:\/\/www.abbazia.cz\/dobry-remeslnik-nemusi-byt-na-skodu\/","headline":"Dobr\u00fd \u0159emesln\u00edk nemus\u00ed b\u00fdt na \u0161kodu","url":"https:\/\/www.abbazia.cz\/dobry-remeslnik-nemusi-byt-na-skodu\/","datePublished":"2020-05-08","dateModified":"2023-05-07","mainEntityOfPage":"https:\/\/www.abbazia.cz\/dobry-remeslnik-nemusi-byt-na-skodu\/","author":{"@type":"Person","@id":"https:\/\/www.abbazia.cz\/author\/#Person","name":"","url":"https:\/\/www.abbazia.cz\/author\/","identifier":1,"image":{"@type":"ImageObject","@id":"https:\/\/secure.gravatar.com\/avatar\/baa231f7e1963b29d6549eb0e137b049d877d4e97c51386f463c7d4fc98329bd?s=96&d=mm&r=g","url":"https:\/\/secure.gravatar.com\/avatar\/baa231f7e1963b29d6549eb0e137b049d877d4e97c51386f463c7d4fc98329bd?s=96&d=mm&r=g","height":96,"width":96}},"publisher":{"@type":"Organization","name":"abbazia.cz","logo":{"@type":"ImageObject","@id":"\/logo.png","url":"\/logo.png","width":600,"height":60}},"image":{"@type":"ImageObject","@id":"https:\/\/www.abbazia.cz\/wp-content\/uploads\/rozvodov%C3%A1%20sk%C5%99%C3%AD%C5%88_1.jpg","url":"https:\/\/www.abbazia.cz\/wp-content\/uploads\/rozvodov%C3%A1%20sk%C5%99%C3%AD%C5%88_1.jpg","height":0,"width":0},"keywords":null},{"@type":"Article","@id":"https:\/\/www.abbazia.cz\/premysleli-jste-nekdy-nad-tim-ze-byste-zmenili-karieru\/","headline":"P\u0159em\u00fd\u0161leli jste n\u011bkdy nad t\u00edm, \u017ee byste zm\u011bnili kari\u00e9ru?","url":"https:\/\/www.abbazia.cz\/premysleli-jste-nekdy-nad-tim-ze-byste-zmenili-karieru\/","datePublished":"2020-01-23","dateModified":"2023-05-07","mainEntityOfPage":"https:\/\/www.abbazia.cz\/premysleli-jste-nekdy-nad-tim-ze-byste-zmenili-karieru\/","author":{"@type":"Person","@id":"https:\/\/www.abbazia.cz\/author\/#Person","name":"","url":"https:\/\/www.abbazia.cz\/author\/","identifier":1,"image":{"@type":"ImageObject","@id":"https:\/\/secure.gravatar.com\/avatar\/baa231f7e1963b29d6549eb0e137b049d877d4e97c51386f463c7d4fc98329bd?s=96&d=mm&r=g","url":"https:\/\/secure.gravatar.com\/avatar\/baa231f7e1963b29d6549eb0e137b049d877d4e97c51386f463c7d4fc98329bd?s=96&d=mm&r=g","height":96,"width":96}},"publisher":{"@type":"Organization","name":"abbazia.cz","logo":{"@type":"ImageObject","@id":"\/logo.png","url":"\/logo.png","width":600,"height":60}},"image":{"@type":"ImageObject","@id":"https:\/\/www.abbazia.cz\/wp-content\/uploads\/img_a378395_w2970_t1589797157.jpg","url":"https:\/\/www.abbazia.cz\/wp-content\/uploads\/img_a378395_w2970_t1589797157.jpg","height":0,"width":0},"keywords":null},{"@type":"Article","@id":"https:\/\/www.abbazia.cz\/jak-vznika-zivnost\/","headline":"Jak vznik\u00e1 \u017eivnost","url":"https:\/\/www.abbazia.cz\/jak-vznika-zivnost\/","datePublished":"2019-10-16","dateModified":"2023-05-07","mainEntityOfPage":"https:\/\/www.abbazia.cz\/jak-vznika-zivnost\/","author":{"@type":"Person","@id":"https:\/\/www.abbazia.cz\/author\/#Person","name":"","url":"https:\/\/www.abbazia.cz\/author\/","identifier":1,"image":{"@type":"ImageObject","@id":"https:\/\/secure.gravatar.com\/avatar\/baa231f7e1963b29d6549eb0e137b049d877d4e97c51386f463c7d4fc98329bd?s=96&d=mm&r=g","url":"https:\/\/secure.gravatar.com\/avatar\/baa231f7e1963b29d6549eb0e137b049d877d4e97c51386f463c7d4fc98329bd?s=96&d=mm&r=g","height":96,"width":96}},"publisher":{"@type":"Organization","name":"abbazia.cz","logo":{"@type":"ImageObject","@id":"\/logo.png","url":"\/logo.png","width":600,"height":60}},"image":{"@type":"ImageObject","@id":"https:\/\/www.abbazia.cz\/wp-content\/uploads\/img_a357723_w2970_t1572165993.jpg","url":"https:\/\/www.abbazia.cz\/wp-content\/uploads\/img_a357723_w2970_t1572165993.jpg","height":0,"width":0},"keywords":null},{"@type":"Article","@id":"https:\/\/www.abbazia.cz\/pronajem-auta-za-hubicku\/","headline":"Pron\u00e1jem auta za hubi\u010dku","url":"https:\/\/www.abbazia.cz\/pronajem-auta-za-hubicku\/","datePublished":"2019-10-05","dateModified":"2023-05-07","mainEntityOfPage":"https:\/\/www.abbazia.cz\/pronajem-auta-za-hubicku\/","author":{"@type":"Person","@id":"https:\/\/www.abbazia.cz\/author\/#Person","name":"","url":"https:\/\/www.abbazia.cz\/author\/","identifier":1,"image":{"@type":"ImageObject","@id":"https:\/\/secure.gravatar.com\/avatar\/baa231f7e1963b29d6549eb0e137b049d877d4e97c51386f463c7d4fc98329bd?s=96&d=mm&r=g","url":"https:\/\/secure.gravatar.com\/avatar\/baa231f7e1963b29d6549eb0e137b049d877d4e97c51386f463c7d4fc98329bd?s=96&d=mm&r=g","height":96,"width":96}},"publisher":{"@type":"Organization","name":"abbazia.cz","logo":{"@type":"ImageObject","@id":"\/logo.png","url":"\/logo.png","width":600,"height":60}},"image":{"@type":"ImageObject","@id":"https:\/\/www.abbazia.cz\/wp-content\/uploads\/img_a360831_w1791_t1574329967.png","url":"https:\/\/www.abbazia.cz\/wp-content\/uploads\/img_a360831_w1791_t1574329967.png","height":0,"width":0},"keywords":null},{"@type":"Article","@id":"https:\/\/www.abbazia.cz\/swot-analyza-a-jeji-vyuziti\/","headline":"SWOT anal\u00fdza a jej\u00ed vyu\u017eit\u00ed","url":"https:\/\/www.abbazia.cz\/swot-analyza-a-jeji-vyuziti\/","datePublished":"2019-09-22","dateModified":"2023-05-07","mainEntityOfPage":"https:\/\/www.abbazia.cz\/swot-analyza-a-jeji-vyuziti\/","author":{"@type":"Person","@id":"https:\/\/www.abbazia.cz\/author\/#Person","name":"","url":"https:\/\/www.abbazia.cz\/author\/","identifier":1,"image":{"@type":"ImageObject","@id":"https:\/\/secure.gravatar.com\/avatar\/baa231f7e1963b29d6549eb0e137b049d877d4e97c51386f463c7d4fc98329bd?s=96&d=mm&r=g","url":"https:\/\/secure.gravatar.com\/avatar\/baa231f7e1963b29d6549eb0e137b049d877d4e97c51386f463c7d4fc98329bd?s=96&d=mm&r=g","height":96,"width":96}},"publisher":{"@type":"Organization","name":"abbazia.cz","logo":{"@type":"ImageObject","@id":"\/logo.png","url":"\/logo.png","width":600,"height":60}},"image":{"@type":"ImageObject","@id":"https:\/\/www.abbazia.cz\/wp-content\/uploads\/img_a355452_w2970_t1569736394.jpg","url":"https:\/\/www.abbazia.cz\/wp-content\/uploads\/img_a355452_w2970_t1569736394.jpg","height":0,"width":0},"keywords":null}]}