[{"@context":"https:\/\/schema.org\/","@type":"Article","@id":"https:\/\/www.abbazia.cz\/krasne-ubytovani-mezi-horami\/#Article","mainEntityOfPage":"https:\/\/www.abbazia.cz\/krasne-ubytovani-mezi-horami\/","headline":"Kr\u00e1sn\u00e9 ubytov\u00e1n\u00ed mezi horami","name":"Kr\u00e1sn\u00e9 ubytov\u00e1n\u00ed mezi horami","description":"M\u00e1te r\u00e1di netradi\u010dn\u00ed penziony? Jste pro ka\u017ed\u00e9 dobrodru\u017estv\u00ed a zacht\u011blo se v\u00e1m vyjet do Alp? Jestli\u017ee ano, ale nechcete \u0159e\u0161it slo\u017eit\u00e9 vyjedn\u00e1v\u00e1n\u00ed s hotely zahrani\u010dn\u00edch vlastn\u00edk\u016f, pak se spolehn\u011bte na n\u00e1s. Nab\u00edz\u00edme v\u00e1m opravdu kr\u00e1sn\u00fd a pohodln\u00fd \u010desk\u00fd penzion v Alp\u00e1ch, kter\u00fd je v\u00fdjime\u010dn\u00fd d\u00edky tomu, \u017ee se zde velmi jednodu\u0161e domluv\u00edte. Ji\u017e \u017e\u00e1dn\u00e9 jazykov\u00e9&hellip;<p class=\"more-link\"><a href=\"https:\/\/www.abbazia.cz\/krasne-ubytovani-mezi-horami\/\" class=\"themebutton\">Read More<\/a><\/p>","datePublished":"2023-08-01","dateModified":"2023-08-01","author":{"@type":"Person","@id":"https:\/\/www.abbazia.cz\/author\/#Person","name":"","url":"https:\/\/www.abbazia.cz\/author\/","identifier":1,"image":{"@type":"ImageObject","@id":"https:\/\/secure.gravatar.com\/avatar\/baa231f7e1963b29d6549eb0e137b049d877d4e97c51386f463c7d4fc98329bd?s=96&d=mm&r=g","url":"https:\/\/secure.gravatar.com\/avatar\/baa231f7e1963b29d6549eb0e137b049d877d4e97c51386f463c7d4fc98329bd?s=96&d=mm&r=g","height":96,"width":96}},"publisher":{"@type":"Organization","name":"abbazia.cz","logo":{"@type":"ImageObject","@id":"\/logo.png","url":"\/logo.png","width":600,"height":60}},"url":"https:\/\/www.abbazia.cz\/krasne-ubytovani-mezi-horami\/","wordCount":247,"articleBody":"M\u00e1te r\u00e1di netradi\u010dn\u00ed penziony? Jste pro ka\u017ed\u00e9 dobrodru\u017estv\u00ed a zacht\u011blo se v\u00e1m vyjet do Alp? Jestli\u017ee ano, ale nechcete \u0159e\u0161it slo\u017eit\u00e9 vyjedn\u00e1v\u00e1n\u00ed s hotely zahrani\u010dn\u00edch vlastn\u00edk\u016f, pak se spolehn\u011bte na n\u00e1s. Nab\u00edz\u00edme v\u00e1m opravdu kr\u00e1sn\u00fd a pohodln\u00fd \u010desk\u00fd penzion v Alp\u00e1ch, kter\u00fd je v\u00fdjime\u010dn\u00fd d\u00edky tomu, \u017ee se zde velmi jednodu\u0161e domluv\u00edte. Ji\u017e \u017e\u00e1dn\u00e9 jazykov\u00e9 bari\u00e9ry, kter\u00e9 by v\u00e1m br\u00e1nili u\u017e\u00edvat si sv\u00e9ho pobytu naplno. Uvid\u00edte, \u017ee si to u n\u00e1s obl\u00edb\u00edte, a to d\u00edky kr\u00e1sn\u00e9mu prost\u0159ed\u00ed a cel\u00e9 t\u00e9 p\u0159\u00edrod\u011b, kter\u00e9 u n\u00e1s budete m\u00edt po\u0159\u00e1d okolo sebe.P\u0159\u00edjemn\u00e9 prost\u0159ed\u00ed i pro va\u0161e zdrav\u00edProto\u017ee se obecn\u011b traduje, \u017ee v hor\u00e1ch se m\u016f\u017eete nad\u00fdchat \u010derstv\u00e9ho vzduchu a sv\u016fj organismus \u0159\u00e1dn\u011b pro\u010distit, vyzkou\u0161ejte, jak\u00e9 to je, kdy\u017e pojedete do t\u011bchto velk\u00fdch evropsk\u00fdch hor. Nebude to jako ty na\u0161e, kter\u00e9 jsou sice kr\u00e1sn\u00e9, ale ne a\u017e tak vysok\u00e9. Tyto hory nab\u00edzej\u00ed n\u011bco zcela jin\u00e9ho, a\u0165 u\u017e jde o panenskou p\u0159\u00edrodu, luxusn\u00ed sjezdovky, \u010di t\u0159eba mil\u00ed lid\u00e9. Ka\u017ed\u00fd si zde najde p\u0159esn\u011b to, co se mu l\u00edb\u00ed, a tak nev\u00e1hejte ani vy a vyje\u010fte sem, nebudete litovat.                                                                                                                                                                                                                                                                                                                                                                                        4.6\/5 - (7 votes)        "},{"@context":"https:\/\/schema.org\/","@type":"BreadcrumbList","itemListElement":[{"@type":"ListItem","position":1,"name":"Kr\u00e1sn\u00e9 ubytov\u00e1n\u00ed mezi horami","item":"https:\/\/www.abbazia.cz\/krasne-ubytovani-mezi-horami\/#breadcrumbitem"}]}]