[{"@context":"https:\/\/schema.org\/","@type":"Article","@id":"https:\/\/www.abbazia.cz\/odvaznemu-stesti-preje\/#Article","mainEntityOfPage":"https:\/\/www.abbazia.cz\/odvaznemu-stesti-preje\/","headline":"Odv\u00e1\u017en\u00e9mu \u0161t\u011bst\u00ed p\u0159eje","name":"Odv\u00e1\u017en\u00e9mu \u0161t\u011bst\u00ed p\u0159eje","description":"\u017divot m\u00f3dn\u00edho n\u00e1vrh\u00e1\u0159e Karla Lagerfelda prov\u00e1z\u00ed n\u011bkolik zaj\u00edmavost\u00ed. Mo\u017en\u00e1, \u017ee jsou n\u011bkter\u00e9 um\u011ble vytvo\u0159en\u00e9. Je p\u0159eci pot\u0159eba (zvl\u00e1\u0161t\u011b v takov\u00e9mto oboru), aby o v\u00e1s lid\u00e9 st\u00e1le mluvili. I negativn\u00ed reklama se m\u016f\u017ee pozitivn\u011b prom\u00edtnout do v\u00fdsledku va\u0161eho kon\u00e1n\u00ed. Proto se o Lagerfeldovi opravdu st\u00e1le hovo\u0159\u00ed. \u00a7\u00a0 Jedn\u00edm z diskutovan\u00fdch t\u00e9mat byl rok jeho narozen\u00ed. \u00a7\u00a0&hellip;<p class=\"more-link\"><a href=\"https:\/\/www.abbazia.cz\/odvaznemu-stesti-preje\/\" class=\"themebutton\">Read More<\/a><\/p>","datePublished":"2023-05-07","dateModified":"2023-05-07","author":{"@type":"Person","@id":"https:\/\/www.abbazia.cz\/author\/#Person","name":"","url":"https:\/\/www.abbazia.cz\/author\/","identifier":1,"image":{"@type":"ImageObject","@id":"https:\/\/secure.gravatar.com\/avatar\/baa231f7e1963b29d6549eb0e137b049d877d4e97c51386f463c7d4fc98329bd?s=96&d=mm&r=g","url":"https:\/\/secure.gravatar.com\/avatar\/baa231f7e1963b29d6549eb0e137b049d877d4e97c51386f463c7d4fc98329bd?s=96&d=mm&r=g","height":96,"width":96}},"publisher":{"@type":"Organization","name":"abbazia.cz","logo":{"@type":"ImageObject","@id":"\/logo.png","url":"\/logo.png","width":600,"height":60}},"image":{"@type":"ImageObject","@id":"https:\/\/www.abbazia.cz\/wp-content\/uploads\/img_a309697_w2063_t1520629650.jpg","url":"https:\/\/www.abbazia.cz\/wp-content\/uploads\/img_a309697_w2063_t1520629650.jpg","height":0,"width":0},"url":"https:\/\/www.abbazia.cz\/odvaznemu-stesti-preje\/","wordCount":394,"articleBody":"\u017divot m\u00f3dn\u00edho n\u00e1vrh\u00e1\u0159e Karla Lagerfelda prov\u00e1z\u00ed n\u011bkolik zaj\u00edmavost\u00ed. Mo\u017en\u00e1, \u017ee jsou n\u011bkter\u00e9 um\u011ble vytvo\u0159en\u00e9. Je p\u0159eci pot\u0159eba (zvl\u00e1\u0161t\u011b v takov\u00e9mto oboru), aby o v\u00e1s lid\u00e9 st\u00e1le mluvili. I negativn\u00ed reklama se m\u016f\u017ee pozitivn\u011b prom\u00edtnout do v\u00fdsledku va\u0161eho kon\u00e1n\u00ed. Proto se o Lagerfeldovi opravdu st\u00e1le hovo\u0159\u00ed.\u00a7\u00a0 Jedn\u00edm z diskutovan\u00fdch t\u00e9mat byl rok jeho narozen\u00ed.\u00a7\u00a0 V\u017edy m\u011b udivuje zji\u0161t\u011bn\u00ed, jak je snadn\u00e9 obalamutit sv\u011bt a p\u0159ehodit datum sv\u00e9ho narozen\u00ed o n\u011bkolik let jinam.Lagerfeld se sna\u017e\u00ed sv\u011btu namluvit, \u017ee je o p\u011bt let mlad\u0161\u00ed, ne\u017eli uv\u00e1d\u00ed jeho rodn\u00fd list.&#8211;\u00a0\u00a0\u00a0\u00a0\u00a0\u00a0\u00a0\u00a0 N\u011bmeck\u00e9 matriky sice ve\u0159ejn\u011b p\u0159\u00edstupn\u00e9 nejsou, ale nebyli by to novin\u00e1\u0159i, aby si neporadili.&#8211;\u00a0\u00a0\u00a0\u00a0\u00a0\u00a0\u00a0\u00a0 Vsadili na to, \u017ee ka\u017ed\u00fd m\u011bl p\u0159eci ve \u0161kole n\u011bjak\u00e9 spolu\u017e\u00e1ky, kte\u0159\u00ed si ho budou pamatovat.&#8211;\u00a0\u00a0\u00a0\u00a0\u00a0\u00a0\u00a0\u00a0 Ti potvrdili, \u017ee se slavn\u00fd m\u00f3dn\u00ed n\u00e1vrh\u00e1\u0159 narodil skute\u010dn\u011b o p\u011bt let d\u0159\u00edve, roku 1933.Za \u010dlov\u011bka ale ur\u010dit\u011b mus\u00ed mluvit jeho pr\u00e1ce, a tak datum narozen\u00ed a\u017e tak d\u016fle\u017eit\u00e9 nen\u00ed.\tOsobnost sv\u011bta m\u00f3dyKarl zapo\u010dal svou kari\u00e9ru roku 1955, kdy v Pa\u0159\u00ed\u017ei vyhr\u00e1l sout\u011b\u017e o nejlep\u0161\u00ed n\u00e1vrh kab\u00e1tu. T\u00edm z\u00edskal pr\u00e1ci u majitele m\u00f3dn\u00edho domu Pierra Balmaina. Po t\u0159ech letech ode\u0161el k dal\u0161\u00edmu zam\u011bstnavateli. Nakonec zjistil, \u017ee pracovat pro druh\u00e9 nen\u00ed to prav\u00e9 a s pomoc\u00ed rodinn\u00fdch pen\u011bz si otev\u0159el mal\u00fd obchod v Pa\u0159\u00ed\u017ei.\u00a7\u00a0 To, co se ned\u00e1 tomuto zaj\u00edmav\u00e9mu mu\u017ei up\u0159\u00edt, je ur\u010dit\u011b jeho kreativita a mo\u017en\u00e1 i odvaha.Jedn\u00edm z jeho legend\u00e1rn\u00edch model\u016f jsou takzvan\u00e9 sprchov\u00e9 \u0161aty. Jsou to \u0161aty, kter\u00e9 maj\u00ed motiv tryskaj\u00edc\u00ed vody, kter\u00fd je vy\u0161it\u00fd z kor\u00e1lk\u016f. Jednou z jeho dominant jsou extravagantn\u00ed klobouky. Mnoho m\u00f3dn\u00edch n\u00e1vrh\u00e1\u0159\u016f s\u00e1z\u00ed na spolupr\u00e1ci se slavn\u00fdmi osobnostmi z ve\u0159ejn\u00e9ho \u017eivota. Lagerfeldovi se poda\u0159ilo zah\u00e1jit spolupr\u00e1ci se zp\u011bva\u010dkou Madonou, pro kterou vytvo\u0159il modely na jej\u00ed koncertn\u00ed turn\u00e9. Pot\u00e9 spolupracoval i na modelech pro australskou zp\u011bva\u010dku Kylie Minogue. \u00dasp\u011bch byl obrovsk\u00fd.\u00a0                                                                                                                                                                                                                                                                                                                                                                                        4.1\/5 - (14 votes)        "},{"@context":"https:\/\/schema.org\/","@type":"BreadcrumbList","itemListElement":[{"@type":"ListItem","position":1,"name":"Odv\u00e1\u017en\u00e9mu \u0161t\u011bst\u00ed p\u0159eje","item":"https:\/\/www.abbazia.cz\/odvaznemu-stesti-preje\/#breadcrumbitem"}]}]