[{"@context":"https:\/\/schema.org\/","@type":"Blog","@id":"https:\/\/www.abbazia.cz#Blog","headline":"Abbazia","description":"\nNa na\u0161\u00ed internetov\u00e9 str\u00e1nce v\u00edme, co pot\u0159ebujete v\u011bd\u011bt, a proto\u017ee to v\u00edme, v\u00edte to d\u00edky n\u00e1m i vy. A v\u00edme, \u017ee je v\u00e1m prosp\u011b\u0161n\u00e9, \u017ee v\u00edte to, co v\u00edte.","url":"https:\/\/www.abbazia.cz","hasPart":[{"@type":"Article","@id":"https:\/\/www.abbazia.cz\/moderni-nabytek-za-super-ceny-si-muze-poridit-opravdu-kazdy\/","headline":"Modern\u00ed n\u00e1bytek za super ceny si m\u016f\u017ee po\u0159\u00eddit opravdu ka\u017ed\u00fd","url":"https:\/\/www.abbazia.cz\/moderni-nabytek-za-super-ceny-si-muze-poridit-opravdu-kazdy\/","datePublished":"2025-08-01","dateModified":"2025-08-01","mainEntityOfPage":"https:\/\/www.abbazia.cz\/moderni-nabytek-za-super-ceny-si-muze-poridit-opravdu-kazdy\/","author":{"@type":"Person","@id":"https:\/\/www.abbazia.cz\/author\/#Person","name":"","url":"https:\/\/www.abbazia.cz\/author\/","identifier":1,"image":{"@type":"ImageObject","@id":"https:\/\/secure.gravatar.com\/avatar\/baa231f7e1963b29d6549eb0e137b049d877d4e97c51386f463c7d4fc98329bd?s=96&d=mm&r=g","url":"https:\/\/secure.gravatar.com\/avatar\/baa231f7e1963b29d6549eb0e137b049d877d4e97c51386f463c7d4fc98329bd?s=96&d=mm&r=g","height":96,"width":96}},"publisher":{"@type":"Organization","name":"abbazia.cz","logo":{"@type":"ImageObject","@id":"\/logo.png","url":"\/logo.png","width":600,"height":60}},"image":null,"wordCount":266,"keywords":null},{"@type":"Article","@id":"https:\/\/www.abbazia.cz\/rozmanity-vyber\/","headline":"Rozmanit\u00fd v\u00fdb\u011br","url":"https:\/\/www.abbazia.cz\/rozmanity-vyber\/","datePublished":"2025-07-26","dateModified":"2025-07-26","mainEntityOfPage":"https:\/\/www.abbazia.cz\/rozmanity-vyber\/","author":{"@type":"Person","@id":"https:\/\/www.abbazia.cz\/author\/#Person","name":"","url":"https:\/\/www.abbazia.cz\/author\/","identifier":1,"image":{"@type":"ImageObject","@id":"https:\/\/secure.gravatar.com\/avatar\/baa231f7e1963b29d6549eb0e137b049d877d4e97c51386f463c7d4fc98329bd?s=96&d=mm&r=g","url":"https:\/\/secure.gravatar.com\/avatar\/baa231f7e1963b29d6549eb0e137b049d877d4e97c51386f463c7d4fc98329bd?s=96&d=mm&r=g","height":96,"width":96}},"publisher":{"@type":"Organization","name":"abbazia.cz","logo":{"@type":"ImageObject","@id":"\/logo.png","url":"\/logo.png","width":600,"height":60}},"image":null,"wordCount":216,"keywords":null},{"@type":"Article","@id":"https:\/\/www.abbazia.cz\/ruzne-velikosti\/","headline":"R\u016fzn\u00e9 velikosti","url":"https:\/\/www.abbazia.cz\/ruzne-velikosti\/","datePublished":"2025-07-21","dateModified":"2025-07-21","mainEntityOfPage":"https:\/\/www.abbazia.cz\/ruzne-velikosti\/","author":{"@type":"Person","@id":"https:\/\/www.abbazia.cz\/author\/#Person","name":"","url":"https:\/\/www.abbazia.cz\/author\/","identifier":1,"image":{"@type":"ImageObject","@id":"https:\/\/secure.gravatar.com\/avatar\/baa231f7e1963b29d6549eb0e137b049d877d4e97c51386f463c7d4fc98329bd?s=96&d=mm&r=g","url":"https:\/\/secure.gravatar.com\/avatar\/baa231f7e1963b29d6549eb0e137b049d877d4e97c51386f463c7d4fc98329bd?s=96&d=mm&r=g","height":96,"width":96}},"publisher":{"@type":"Organization","name":"abbazia.cz","logo":{"@type":"ImageObject","@id":"\/logo.png","url":"\/logo.png","width":600,"height":60}},"image":null,"wordCount":274,"keywords":null},{"@type":"Article","@id":"https:\/\/www.abbazia.cz\/nejen-vyrobni-prostory\/","headline":"Nejen v\u00fdrobn\u00ed prostory","url":"https:\/\/www.abbazia.cz\/nejen-vyrobni-prostory\/","datePublished":"2025-07-12","dateModified":"2025-07-12","mainEntityOfPage":"https:\/\/www.abbazia.cz\/nejen-vyrobni-prostory\/","author":{"@type":"Person","@id":"https:\/\/www.abbazia.cz\/author\/#Person","name":"","url":"https:\/\/www.abbazia.cz\/author\/","identifier":1,"image":{"@type":"ImageObject","@id":"https:\/\/secure.gravatar.com\/avatar\/baa231f7e1963b29d6549eb0e137b049d877d4e97c51386f463c7d4fc98329bd?s=96&d=mm&r=g","url":"https:\/\/secure.gravatar.com\/avatar\/baa231f7e1963b29d6549eb0e137b049d877d4e97c51386f463c7d4fc98329bd?s=96&d=mm&r=g","height":96,"width":96}},"publisher":{"@type":"Organization","name":"abbazia.cz","logo":{"@type":"ImageObject","@id":"\/logo.png","url":"\/logo.png","width":600,"height":60}},"image":null,"wordCount":207,"keywords":null},{"@type":"Article","@id":"https:\/\/www.abbazia.cz\/chtejte-lepsi-matraci\/","headline":"Cht\u011bjte lep\u0161\u00ed matraci","url":"https:\/\/www.abbazia.cz\/chtejte-lepsi-matraci\/","datePublished":"2025-07-11","dateModified":"2025-07-11","mainEntityOfPage":"https:\/\/www.abbazia.cz\/chtejte-lepsi-matraci\/","author":{"@type":"Person","@id":"https:\/\/www.abbazia.cz\/author\/#Person","name":"","url":"https:\/\/www.abbazia.cz\/author\/","identifier":1,"image":{"@type":"ImageObject","@id":"https:\/\/secure.gravatar.com\/avatar\/baa231f7e1963b29d6549eb0e137b049d877d4e97c51386f463c7d4fc98329bd?s=96&d=mm&r=g","url":"https:\/\/secure.gravatar.com\/avatar\/baa231f7e1963b29d6549eb0e137b049d877d4e97c51386f463c7d4fc98329bd?s=96&d=mm&r=g","height":96,"width":96}},"publisher":{"@type":"Organization","name":"abbazia.cz","logo":{"@type":"ImageObject","@id":"\/logo.png","url":"\/logo.png","width":600,"height":60}},"image":{"@type":"ImageObject","@id":"https:\/\/www.abbazia.cz\/wp-content\/uploads\/sleep-mask-5381842_640_2.jpg","url":"https:\/\/www.abbazia.cz\/wp-content\/uploads\/sleep-mask-5381842_640_2.jpg","height":0,"width":0},"wordCount":564,"keywords":null},{"@type":"Article","@id":"https:\/\/www.abbazia.cz\/nadcasova-koupelna-do-bytu-i-do-domu\/","headline":"Nad\u010dasov\u00e1 koupelna do bytu i do domu","url":"https:\/\/www.abbazia.cz\/nadcasova-koupelna-do-bytu-i-do-domu\/","datePublished":"2025-07-07","dateModified":"2025-07-07","mainEntityOfPage":"https:\/\/www.abbazia.cz\/nadcasova-koupelna-do-bytu-i-do-domu\/","author":{"@type":"Person","@id":"https:\/\/www.abbazia.cz\/author\/#Person","name":"","url":"https:\/\/www.abbazia.cz\/author\/","identifier":1,"image":{"@type":"ImageObject","@id":"https:\/\/secure.gravatar.com\/avatar\/baa231f7e1963b29d6549eb0e137b049d877d4e97c51386f463c7d4fc98329bd?s=96&d=mm&r=g","url":"https:\/\/secure.gravatar.com\/avatar\/baa231f7e1963b29d6549eb0e137b049d877d4e97c51386f463c7d4fc98329bd?s=96&d=mm&r=g","height":96,"width":96}},"publisher":{"@type":"Organization","name":"abbazia.cz","logo":{"@type":"ImageObject","@id":"\/logo.png","url":"\/logo.png","width":600,"height":60}},"image":{"@type":"ImageObject","@id":"https:\/\/www.abbazia.cz\/wp-content\/uploads\/pexels-heyho-6265831.jpg","url":"https:\/\/www.abbazia.cz\/wp-content\/uploads\/pexels-heyho-6265831.jpg","height":0,"width":0},"wordCount":516,"keywords":null},{"@type":"Article","@id":"https:\/\/www.abbazia.cz\/co-bude-dnes-k-veceri\/","headline":"Co bude dnes k ve\u010de\u0159i?","url":"https:\/\/www.abbazia.cz\/co-bude-dnes-k-veceri\/","datePublished":"2025-07-07","dateModified":"2025-07-07","mainEntityOfPage":"https:\/\/www.abbazia.cz\/co-bude-dnes-k-veceri\/","author":{"@type":"Person","@id":"https:\/\/www.abbazia.cz\/author\/#Person","name":"","url":"https:\/\/www.abbazia.cz\/author\/","identifier":1,"image":{"@type":"ImageObject","@id":"https:\/\/secure.gravatar.com\/avatar\/baa231f7e1963b29d6549eb0e137b049d877d4e97c51386f463c7d4fc98329bd?s=96&d=mm&r=g","url":"https:\/\/secure.gravatar.com\/avatar\/baa231f7e1963b29d6549eb0e137b049d877d4e97c51386f463c7d4fc98329bd?s=96&d=mm&r=g","height":96,"width":96}},"publisher":{"@type":"Organization","name":"abbazia.cz","logo":{"@type":"ImageObject","@id":"\/logo.png","url":"\/logo.png","width":600,"height":60}},"image":null,"wordCount":228,"keywords":null},{"@type":"Article","@id":"https:\/\/www.abbazia.cz\/proc-si-doprat-dovolenou-v-chorvatsku\/","headline":"Pro\u010d si dop\u0159\u00e1t dovolenou v Chorvatsku","url":"https:\/\/www.abbazia.cz\/proc-si-doprat-dovolenou-v-chorvatsku\/","datePublished":"2025-07-01","dateModified":"2025-07-01","mainEntityOfPage":"https:\/\/www.abbazia.cz\/proc-si-doprat-dovolenou-v-chorvatsku\/","author":{"@type":"Person","@id":"https:\/\/www.abbazia.cz\/author\/#Person","name":"","url":"https:\/\/www.abbazia.cz\/author\/","identifier":1,"image":{"@type":"ImageObject","@id":"https:\/\/secure.gravatar.com\/avatar\/baa231f7e1963b29d6549eb0e137b049d877d4e97c51386f463c7d4fc98329bd?s=96&d=mm&r=g","url":"https:\/\/secure.gravatar.com\/avatar\/baa231f7e1963b29d6549eb0e137b049d877d4e97c51386f463c7d4fc98329bd?s=96&d=mm&r=g","height":96,"width":96}},"publisher":{"@type":"Organization","name":"abbazia.cz","logo":{"@type":"ImageObject","@id":"\/logo.png","url":"\/logo.png","width":600,"height":60}},"image":{"@type":"ImageObject","@id":"https:\/\/www.abbazia.cz\/wp-content\/uploads\/croatia-8123037_640_9.jpg","url":"https:\/\/www.abbazia.cz\/wp-content\/uploads\/croatia-8123037_640_9.jpg","height":0,"width":0},"wordCount":543,"keywords":null},{"@type":"Article","@id":"https:\/\/www.abbazia.cz\/dekorace-pro-jakykoliv-typ-a-styl-interieru\/","headline":"Dekorace pro jak\u00fdkoliv typ a styl interi\u00e9ru","url":"https:\/\/www.abbazia.cz\/dekorace-pro-jakykoliv-typ-a-styl-interieru\/","datePublished":"2025-06-29","dateModified":"2025-06-29","mainEntityOfPage":"https:\/\/www.abbazia.cz\/dekorace-pro-jakykoliv-typ-a-styl-interieru\/","author":{"@type":"Person","@id":"https:\/\/www.abbazia.cz\/author\/#Person","name":"","url":"https:\/\/www.abbazia.cz\/author\/","identifier":1,"image":{"@type":"ImageObject","@id":"https:\/\/secure.gravatar.com\/avatar\/baa231f7e1963b29d6549eb0e137b049d877d4e97c51386f463c7d4fc98329bd?s=96&d=mm&r=g","url":"https:\/\/secure.gravatar.com\/avatar\/baa231f7e1963b29d6549eb0e137b049d877d4e97c51386f463c7d4fc98329bd?s=96&d=mm&r=g","height":96,"width":96}},"publisher":{"@type":"Organization","name":"abbazia.cz","logo":{"@type":"ImageObject","@id":"\/logo.png","url":"\/logo.png","width":600,"height":60}},"image":null,"wordCount":234,"keywords":null},{"@type":"Article","@id":"https:\/\/www.abbazia.cz\/kdyz-uz-je-cas-zacit-s-pripravami\/","headline":"Kdy\u017e u\u017e je \u010das za\u010d\u00edt s p\u0159\u00edpravami","url":"https:\/\/www.abbazia.cz\/kdyz-uz-je-cas-zacit-s-pripravami\/","datePublished":"2025-06-23","dateModified":"2025-06-23","mainEntityOfPage":"https:\/\/www.abbazia.cz\/kdyz-uz-je-cas-zacit-s-pripravami\/","author":{"@type":"Person","@id":"https:\/\/www.abbazia.cz\/author\/#Person","name":"","url":"https:\/\/www.abbazia.cz\/author\/","identifier":1,"image":{"@type":"ImageObject","@id":"https:\/\/secure.gravatar.com\/avatar\/baa231f7e1963b29d6549eb0e137b049d877d4e97c51386f463c7d4fc98329bd?s=96&d=mm&r=g","url":"https:\/\/secure.gravatar.com\/avatar\/baa231f7e1963b29d6549eb0e137b049d877d4e97c51386f463c7d4fc98329bd?s=96&d=mm&r=g","height":96,"width":96}},"publisher":{"@type":"Organization","name":"abbazia.cz","logo":{"@type":"ImageObject","@id":"\/logo.png","url":"\/logo.png","width":600,"height":60}},"image":null,"wordCount":199,"keywords":null}]},{"@context":"https:\/\/schema.org","@type":"WebSite","@id":"https:\/\/www.abbazia.cz\/#website","name":"Abbazia","url":"https:\/\/www.abbazia.cz","potentialAction":{"@type":"SearchAction","target":"https:\/\/www.abbazia.cz\/?s={search_term_string}","query-input":"required name=search_term_string"}}]