[{"@context":"https:\/\/schema.org\/","@type":"Blog","@id":"https:\/\/www.abbazia.cz#Blog","headline":"Abbazia","description":"\nNa na\u0161\u00ed internetov\u00e9 str\u00e1nce v\u00edme, co pot\u0159ebujete v\u011bd\u011bt, a proto\u017ee to v\u00edme, v\u00edte to d\u00edky n\u00e1m i vy. A v\u00edme, \u017ee je v\u00e1m prosp\u011b\u0161n\u00e9, \u017ee v\u00edte to, co v\u00edte.","url":"https:\/\/www.abbazia.cz","hasPart":[{"@type":"Article","@id":"https:\/\/www.abbazia.cz\/doplnek-stravy-jako-reklama-ne-v-nasem-pripade\/","headline":"Dopln\u011bk stravy jako reklama? NE v na\u0161em p\u0159\u00edpad\u011b","url":"https:\/\/www.abbazia.cz\/doplnek-stravy-jako-reklama-ne-v-nasem-pripade\/","datePublished":"2025-01-27","dateModified":"2025-01-27","mainEntityOfPage":"https:\/\/www.abbazia.cz\/doplnek-stravy-jako-reklama-ne-v-nasem-pripade\/","author":{"@type":"Person","@id":"https:\/\/www.abbazia.cz\/author\/#Person","name":"","url":"https:\/\/www.abbazia.cz\/author\/","identifier":1,"image":{"@type":"ImageObject","@id":"https:\/\/secure.gravatar.com\/avatar\/baa231f7e1963b29d6549eb0e137b049d877d4e97c51386f463c7d4fc98329bd?s=96&d=mm&r=g","url":"https:\/\/secure.gravatar.com\/avatar\/baa231f7e1963b29d6549eb0e137b049d877d4e97c51386f463c7d4fc98329bd?s=96&d=mm&r=g","height":96,"width":96}},"publisher":{"@type":"Organization","name":"abbazia.cz","logo":{"@type":"ImageObject","@id":"\/logo.png","url":"\/logo.png","width":600,"height":60}},"image":null,"wordCount":212,"keywords":null},{"@type":"Article","@id":"https:\/\/www.abbazia.cz\/pro-venkovni-prostory-je-nejvhodnejsi\/","headline":"Pro venkovn\u00ed prostory je nejvhodn\u011bj\u0161\u00ed","url":"https:\/\/www.abbazia.cz\/pro-venkovni-prostory-je-nejvhodnejsi\/","datePublished":"2025-01-18","dateModified":"2025-01-18","mainEntityOfPage":"https:\/\/www.abbazia.cz\/pro-venkovni-prostory-je-nejvhodnejsi\/","author":{"@type":"Person","@id":"https:\/\/www.abbazia.cz\/author\/#Person","name":"","url":"https:\/\/www.abbazia.cz\/author\/","identifier":1,"image":{"@type":"ImageObject","@id":"https:\/\/secure.gravatar.com\/avatar\/baa231f7e1963b29d6549eb0e137b049d877d4e97c51386f463c7d4fc98329bd?s=96&d=mm&r=g","url":"https:\/\/secure.gravatar.com\/avatar\/baa231f7e1963b29d6549eb0e137b049d877d4e97c51386f463c7d4fc98329bd?s=96&d=mm&r=g","height":96,"width":96}},"publisher":{"@type":"Organization","name":"abbazia.cz","logo":{"@type":"ImageObject","@id":"\/logo.png","url":"\/logo.png","width":600,"height":60}},"image":null,"wordCount":216,"keywords":null},{"@type":"Article","@id":"https:\/\/www.abbazia.cz\/rezervujte-krasne-ubytovani-pres-nas-web\/","headline":"Rezervujte kr\u00e1sn\u00e9 ubytov\u00e1n\u00ed p\u0159es n\u00e1\u0161 web","url":"https:\/\/www.abbazia.cz\/rezervujte-krasne-ubytovani-pres-nas-web\/","datePublished":"2025-01-14","dateModified":"2025-01-14","mainEntityOfPage":"https:\/\/www.abbazia.cz\/rezervujte-krasne-ubytovani-pres-nas-web\/","author":{"@type":"Person","@id":"https:\/\/www.abbazia.cz\/author\/#Person","name":"","url":"https:\/\/www.abbazia.cz\/author\/","identifier":1,"image":{"@type":"ImageObject","@id":"https:\/\/secure.gravatar.com\/avatar\/baa231f7e1963b29d6549eb0e137b049d877d4e97c51386f463c7d4fc98329bd?s=96&d=mm&r=g","url":"https:\/\/secure.gravatar.com\/avatar\/baa231f7e1963b29d6549eb0e137b049d877d4e97c51386f463c7d4fc98329bd?s=96&d=mm&r=g","height":96,"width":96}},"publisher":{"@type":"Organization","name":"abbazia.cz","logo":{"@type":"ImageObject","@id":"\/logo.png","url":"\/logo.png","width":600,"height":60}},"image":null,"wordCount":186,"keywords":null},{"@type":"Article","@id":"https:\/\/www.abbazia.cz\/s-plnym-zaludkem-jsou-lepsi-vykony\/","headline":"S\u00a0pln\u00fdm \u017ealudkem jsou lep\u0161\u00ed v\u00fdkony","url":"https:\/\/www.abbazia.cz\/s-plnym-zaludkem-jsou-lepsi-vykony\/","datePublished":"2025-01-05","dateModified":"2025-01-05","mainEntityOfPage":"https:\/\/www.abbazia.cz\/s-plnym-zaludkem-jsou-lepsi-vykony\/","author":{"@type":"Person","@id":"https:\/\/www.abbazia.cz\/author\/#Person","name":"","url":"https:\/\/www.abbazia.cz\/author\/","identifier":1,"image":{"@type":"ImageObject","@id":"https:\/\/secure.gravatar.com\/avatar\/baa231f7e1963b29d6549eb0e137b049d877d4e97c51386f463c7d4fc98329bd?s=96&d=mm&r=g","url":"https:\/\/secure.gravatar.com\/avatar\/baa231f7e1963b29d6549eb0e137b049d877d4e97c51386f463c7d4fc98329bd?s=96&d=mm&r=g","height":96,"width":96}},"publisher":{"@type":"Organization","name":"abbazia.cz","logo":{"@type":"ImageObject","@id":"\/logo.png","url":"\/logo.png","width":600,"height":60}},"image":null,"wordCount":238,"keywords":null},{"@type":"Article","@id":"https:\/\/www.abbazia.cz\/kdo-bude-dnes-varit\/","headline":"Kdo bude dnes va\u0159it?","url":"https:\/\/www.abbazia.cz\/kdo-bude-dnes-varit\/","datePublished":"2024-12-28","dateModified":"2024-12-28","mainEntityOfPage":"https:\/\/www.abbazia.cz\/kdo-bude-dnes-varit\/","author":{"@type":"Person","@id":"https:\/\/www.abbazia.cz\/author\/#Person","name":"","url":"https:\/\/www.abbazia.cz\/author\/","identifier":1,"image":{"@type":"ImageObject","@id":"https:\/\/secure.gravatar.com\/avatar\/baa231f7e1963b29d6549eb0e137b049d877d4e97c51386f463c7d4fc98329bd?s=96&d=mm&r=g","url":"https:\/\/secure.gravatar.com\/avatar\/baa231f7e1963b29d6549eb0e137b049d877d4e97c51386f463c7d4fc98329bd?s=96&d=mm&r=g","height":96,"width":96}},"publisher":{"@type":"Organization","name":"abbazia.cz","logo":{"@type":"ImageObject","@id":"\/logo.png","url":"\/logo.png","width":600,"height":60}},"image":null,"wordCount":244,"keywords":null},{"@type":"Article","@id":"https:\/\/www.abbazia.cz\/bez-poctive-pece-by-to-neslo\/","headline":"Bez poctiv\u00e9 p\u00e9\u010de by to ne\u0161lo","url":"https:\/\/www.abbazia.cz\/bez-poctive-pece-by-to-neslo\/","datePublished":"2024-12-25","dateModified":"2024-12-25","mainEntityOfPage":"https:\/\/www.abbazia.cz\/bez-poctive-pece-by-to-neslo\/","author":{"@type":"Person","@id":"https:\/\/www.abbazia.cz\/author\/#Person","name":"","url":"https:\/\/www.abbazia.cz\/author\/","identifier":1,"image":{"@type":"ImageObject","@id":"https:\/\/secure.gravatar.com\/avatar\/baa231f7e1963b29d6549eb0e137b049d877d4e97c51386f463c7d4fc98329bd?s=96&d=mm&r=g","url":"https:\/\/secure.gravatar.com\/avatar\/baa231f7e1963b29d6549eb0e137b049d877d4e97c51386f463c7d4fc98329bd?s=96&d=mm&r=g","height":96,"width":96}},"publisher":{"@type":"Organization","name":"abbazia.cz","logo":{"@type":"ImageObject","@id":"\/logo.png","url":"\/logo.png","width":600,"height":60}},"image":null,"wordCount":301,"keywords":null},{"@type":"Article","@id":"https:\/\/www.abbazia.cz\/poznejte-nepoznane\/","headline":"Poznejte nepoznan\u00e9","url":"https:\/\/www.abbazia.cz\/poznejte-nepoznane\/","datePublished":"2024-12-16","dateModified":"2024-12-16","mainEntityOfPage":"https:\/\/www.abbazia.cz\/poznejte-nepoznane\/","author":{"@type":"Person","@id":"https:\/\/www.abbazia.cz\/author\/#Person","name":"","url":"https:\/\/www.abbazia.cz\/author\/","identifier":1,"image":{"@type":"ImageObject","@id":"https:\/\/secure.gravatar.com\/avatar\/baa231f7e1963b29d6549eb0e137b049d877d4e97c51386f463c7d4fc98329bd?s=96&d=mm&r=g","url":"https:\/\/secure.gravatar.com\/avatar\/baa231f7e1963b29d6549eb0e137b049d877d4e97c51386f463c7d4fc98329bd?s=96&d=mm&r=g","height":96,"width":96}},"publisher":{"@type":"Organization","name":"abbazia.cz","logo":{"@type":"ImageObject","@id":"\/logo.png","url":"\/logo.png","width":600,"height":60}},"image":null,"wordCount":298,"keywords":null},{"@type":"Article","@id":"https:\/\/www.abbazia.cz\/erotika-ktera-se-vam-bude-libit\/","headline":"Erotika, kter\u00e1 se V\u00e1m bude l\u00edbit","url":"https:\/\/www.abbazia.cz\/erotika-ktera-se-vam-bude-libit\/","datePublished":"2024-12-08","dateModified":"2024-12-08","mainEntityOfPage":"https:\/\/www.abbazia.cz\/erotika-ktera-se-vam-bude-libit\/","author":{"@type":"Person","@id":"https:\/\/www.abbazia.cz\/author\/#Person","name":"","url":"https:\/\/www.abbazia.cz\/author\/","identifier":1,"image":{"@type":"ImageObject","@id":"https:\/\/secure.gravatar.com\/avatar\/baa231f7e1963b29d6549eb0e137b049d877d4e97c51386f463c7d4fc98329bd?s=96&d=mm&r=g","url":"https:\/\/secure.gravatar.com\/avatar\/baa231f7e1963b29d6549eb0e137b049d877d4e97c51386f463c7d4fc98329bd?s=96&d=mm&r=g","height":96,"width":96}},"publisher":{"@type":"Organization","name":"abbazia.cz","logo":{"@type":"ImageObject","@id":"\/logo.png","url":"\/logo.png","width":600,"height":60}},"image":null,"wordCount":295,"keywords":null},{"@type":"Article","@id":"https:\/\/www.abbazia.cz\/nabidka-pro-vsechny-majitele-domu\/","headline":"Nab\u00eddka pro v\u0161echny majitele dom\u016f","url":"https:\/\/www.abbazia.cz\/nabidka-pro-vsechny-majitele-domu\/","datePublished":"2024-12-04","dateModified":"2024-12-04","mainEntityOfPage":"https:\/\/www.abbazia.cz\/nabidka-pro-vsechny-majitele-domu\/","author":{"@type":"Person","@id":"https:\/\/www.abbazia.cz\/author\/#Person","name":"","url":"https:\/\/www.abbazia.cz\/author\/","identifier":1,"image":{"@type":"ImageObject","@id":"https:\/\/secure.gravatar.com\/avatar\/baa231f7e1963b29d6549eb0e137b049d877d4e97c51386f463c7d4fc98329bd?s=96&d=mm&r=g","url":"https:\/\/secure.gravatar.com\/avatar\/baa231f7e1963b29d6549eb0e137b049d877d4e97c51386f463c7d4fc98329bd?s=96&d=mm&r=g","height":96,"width":96}},"publisher":{"@type":"Organization","name":"abbazia.cz","logo":{"@type":"ImageObject","@id":"\/logo.png","url":"\/logo.png","width":600,"height":60}},"image":null,"wordCount":209,"keywords":null},{"@type":"Article","@id":"https:\/\/www.abbazia.cz\/nejvetsi-vyber-u-nas\/","headline":"Nejv\u011bt\u0161\u00ed v\u00fdb\u011br u n\u00e1s","url":"https:\/\/www.abbazia.cz\/nejvetsi-vyber-u-nas\/","datePublished":"2024-11-23","dateModified":"2024-11-23","mainEntityOfPage":"https:\/\/www.abbazia.cz\/nejvetsi-vyber-u-nas\/","author":{"@type":"Person","@id":"https:\/\/www.abbazia.cz\/author\/#Person","name":"","url":"https:\/\/www.abbazia.cz\/author\/","identifier":1,"image":{"@type":"ImageObject","@id":"https:\/\/secure.gravatar.com\/avatar\/baa231f7e1963b29d6549eb0e137b049d877d4e97c51386f463c7d4fc98329bd?s=96&d=mm&r=g","url":"https:\/\/secure.gravatar.com\/avatar\/baa231f7e1963b29d6549eb0e137b049d877d4e97c51386f463c7d4fc98329bd?s=96&d=mm&r=g","height":96,"width":96}},"publisher":{"@type":"Organization","name":"abbazia.cz","logo":{"@type":"ImageObject","@id":"\/logo.png","url":"\/logo.png","width":600,"height":60}},"image":null,"wordCount":220,"keywords":null}]},{"@context":"https:\/\/schema.org","@type":"WebSite","@id":"https:\/\/www.abbazia.cz\/#website","name":"Abbazia","url":"https:\/\/www.abbazia.cz","potentialAction":{"@type":"SearchAction","target":"https:\/\/www.abbazia.cz\/?s={search_term_string}","query-input":"required name=search_term_string"}}]