[{"@context":"https:\/\/schema.org\/","@type":"Blog","@id":"https:\/\/www.abbazia.cz#Blog","headline":"Abbazia","description":"\nNa na\u0161\u00ed internetov\u00e9 str\u00e1nce v\u00edme, co pot\u0159ebujete v\u011bd\u011bt, a proto\u017ee to v\u00edme, v\u00edte to d\u00edky n\u00e1m i vy. A v\u00edme, \u017ee je v\u00e1m prosp\u011b\u0161n\u00e9, \u017ee v\u00edte to, co v\u00edte.","url":"https:\/\/www.abbazia.cz","hasPart":[{"@type":"Article","@id":"https:\/\/www.abbazia.cz\/poznejte-nepoznane\/","headline":"Poznejte nepoznan\u00e9","url":"https:\/\/www.abbazia.cz\/poznejte-nepoznane\/","datePublished":"2024-12-16","dateModified":"2024-12-16","mainEntityOfPage":"https:\/\/www.abbazia.cz\/poznejte-nepoznane\/","author":{"@type":"Person","@id":"https:\/\/www.abbazia.cz\/author\/#Person","name":"","url":"https:\/\/www.abbazia.cz\/author\/","identifier":1,"image":{"@type":"ImageObject","@id":"https:\/\/secure.gravatar.com\/avatar\/baa231f7e1963b29d6549eb0e137b049d877d4e97c51386f463c7d4fc98329bd?s=96&d=mm&r=g","url":"https:\/\/secure.gravatar.com\/avatar\/baa231f7e1963b29d6549eb0e137b049d877d4e97c51386f463c7d4fc98329bd?s=96&d=mm&r=g","height":96,"width":96}},"publisher":{"@type":"Organization","name":"abbazia.cz","logo":{"@type":"ImageObject","@id":"\/logo.png","url":"\/logo.png","width":600,"height":60}},"image":null,"wordCount":298,"keywords":null},{"@type":"Article","@id":"https:\/\/www.abbazia.cz\/erotika-ktera-se-vam-bude-libit\/","headline":"Erotika, kter\u00e1 se V\u00e1m bude l\u00edbit","url":"https:\/\/www.abbazia.cz\/erotika-ktera-se-vam-bude-libit\/","datePublished":"2024-12-08","dateModified":"2024-12-08","mainEntityOfPage":"https:\/\/www.abbazia.cz\/erotika-ktera-se-vam-bude-libit\/","author":{"@type":"Person","@id":"https:\/\/www.abbazia.cz\/author\/#Person","name":"","url":"https:\/\/www.abbazia.cz\/author\/","identifier":1,"image":{"@type":"ImageObject","@id":"https:\/\/secure.gravatar.com\/avatar\/baa231f7e1963b29d6549eb0e137b049d877d4e97c51386f463c7d4fc98329bd?s=96&d=mm&r=g","url":"https:\/\/secure.gravatar.com\/avatar\/baa231f7e1963b29d6549eb0e137b049d877d4e97c51386f463c7d4fc98329bd?s=96&d=mm&r=g","height":96,"width":96}},"publisher":{"@type":"Organization","name":"abbazia.cz","logo":{"@type":"ImageObject","@id":"\/logo.png","url":"\/logo.png","width":600,"height":60}},"image":null,"wordCount":295,"keywords":null},{"@type":"Article","@id":"https:\/\/www.abbazia.cz\/nabidka-pro-vsechny-majitele-domu\/","headline":"Nab\u00eddka pro v\u0161echny majitele dom\u016f","url":"https:\/\/www.abbazia.cz\/nabidka-pro-vsechny-majitele-domu\/","datePublished":"2024-12-04","dateModified":"2024-12-04","mainEntityOfPage":"https:\/\/www.abbazia.cz\/nabidka-pro-vsechny-majitele-domu\/","author":{"@type":"Person","@id":"https:\/\/www.abbazia.cz\/author\/#Person","name":"","url":"https:\/\/www.abbazia.cz\/author\/","identifier":1,"image":{"@type":"ImageObject","@id":"https:\/\/secure.gravatar.com\/avatar\/baa231f7e1963b29d6549eb0e137b049d877d4e97c51386f463c7d4fc98329bd?s=96&d=mm&r=g","url":"https:\/\/secure.gravatar.com\/avatar\/baa231f7e1963b29d6549eb0e137b049d877d4e97c51386f463c7d4fc98329bd?s=96&d=mm&r=g","height":96,"width":96}},"publisher":{"@type":"Organization","name":"abbazia.cz","logo":{"@type":"ImageObject","@id":"\/logo.png","url":"\/logo.png","width":600,"height":60}},"image":null,"wordCount":209,"keywords":null},{"@type":"Article","@id":"https:\/\/www.abbazia.cz\/nejvetsi-vyber-u-nas\/","headline":"Nejv\u011bt\u0161\u00ed v\u00fdb\u011br u n\u00e1s","url":"https:\/\/www.abbazia.cz\/nejvetsi-vyber-u-nas\/","datePublished":"2024-11-23","dateModified":"2024-11-23","mainEntityOfPage":"https:\/\/www.abbazia.cz\/nejvetsi-vyber-u-nas\/","author":{"@type":"Person","@id":"https:\/\/www.abbazia.cz\/author\/#Person","name":"","url":"https:\/\/www.abbazia.cz\/author\/","identifier":1,"image":{"@type":"ImageObject","@id":"https:\/\/secure.gravatar.com\/avatar\/baa231f7e1963b29d6549eb0e137b049d877d4e97c51386f463c7d4fc98329bd?s=96&d=mm&r=g","url":"https:\/\/secure.gravatar.com\/avatar\/baa231f7e1963b29d6549eb0e137b049d877d4e97c51386f463c7d4fc98329bd?s=96&d=mm&r=g","height":96,"width":96}},"publisher":{"@type":"Organization","name":"abbazia.cz","logo":{"@type":"ImageObject","@id":"\/logo.png","url":"\/logo.png","width":600,"height":60}},"image":null,"wordCount":220,"keywords":null},{"@type":"Article","@id":"https:\/\/www.abbazia.cz\/siroka-nabidka-sperku\/","headline":"\u0160irok\u00e1 nab\u00eddka \u0161perk\u016f","url":"https:\/\/www.abbazia.cz\/siroka-nabidka-sperku\/","datePublished":"2024-11-17","dateModified":"2024-11-17","mainEntityOfPage":"https:\/\/www.abbazia.cz\/siroka-nabidka-sperku\/","author":{"@type":"Person","@id":"https:\/\/www.abbazia.cz\/author\/#Person","name":"","url":"https:\/\/www.abbazia.cz\/author\/","identifier":1,"image":{"@type":"ImageObject","@id":"https:\/\/secure.gravatar.com\/avatar\/baa231f7e1963b29d6549eb0e137b049d877d4e97c51386f463c7d4fc98329bd?s=96&d=mm&r=g","url":"https:\/\/secure.gravatar.com\/avatar\/baa231f7e1963b29d6549eb0e137b049d877d4e97c51386f463c7d4fc98329bd?s=96&d=mm&r=g","height":96,"width":96}},"publisher":{"@type":"Organization","name":"abbazia.cz","logo":{"@type":"ImageObject","@id":"\/logo.png","url":"\/logo.png","width":600,"height":60}},"image":null,"wordCount":270,"keywords":null},{"@type":"Article","@id":"https:\/\/www.abbazia.cz\/kdy-do-duchodu\/","headline":"Kdy do d\u016fchodu","url":"https:\/\/www.abbazia.cz\/kdy-do-duchodu\/","datePublished":"2024-11-09","dateModified":"2024-11-09","mainEntityOfPage":"https:\/\/www.abbazia.cz\/kdy-do-duchodu\/","author":{"@type":"Person","@id":"https:\/\/www.abbazia.cz\/author\/#Person","name":"","url":"https:\/\/www.abbazia.cz\/author\/","identifier":1,"image":{"@type":"ImageObject","@id":"https:\/\/secure.gravatar.com\/avatar\/baa231f7e1963b29d6549eb0e137b049d877d4e97c51386f463c7d4fc98329bd?s=96&d=mm&r=g","url":"https:\/\/secure.gravatar.com\/avatar\/baa231f7e1963b29d6549eb0e137b049d877d4e97c51386f463c7d4fc98329bd?s=96&d=mm&r=g","height":96,"width":96}},"publisher":{"@type":"Organization","name":"abbazia.cz","logo":{"@type":"ImageObject","@id":"\/logo.png","url":"\/logo.png","width":600,"height":60}},"image":null,"wordCount":314,"keywords":null},{"@type":"Article","@id":"https:\/\/www.abbazia.cz\/moderni-a-kvalitni-hodinky-si-oblibite-i-vy\/","headline":"Modern\u00ed a kvalitn\u00ed hodinky si obl\u00edb\u00edte i vy","url":"https:\/\/www.abbazia.cz\/moderni-a-kvalitni-hodinky-si-oblibite-i-vy\/","datePublished":"2024-11-04","dateModified":"2024-11-04","mainEntityOfPage":"https:\/\/www.abbazia.cz\/moderni-a-kvalitni-hodinky-si-oblibite-i-vy\/","author":{"@type":"Person","@id":"https:\/\/www.abbazia.cz\/author\/#Person","name":"","url":"https:\/\/www.abbazia.cz\/author\/","identifier":1,"image":{"@type":"ImageObject","@id":"https:\/\/secure.gravatar.com\/avatar\/baa231f7e1963b29d6549eb0e137b049d877d4e97c51386f463c7d4fc98329bd?s=96&d=mm&r=g","url":"https:\/\/secure.gravatar.com\/avatar\/baa231f7e1963b29d6549eb0e137b049d877d4e97c51386f463c7d4fc98329bd?s=96&d=mm&r=g","height":96,"width":96}},"publisher":{"@type":"Organization","name":"abbazia.cz","logo":{"@type":"ImageObject","@id":"\/logo.png","url":"\/logo.png","width":600,"height":60}},"image":null,"wordCount":291,"keywords":null},{"@type":"Article","@id":"https:\/\/www.abbazia.cz\/novorocenky-maju-svoj-charakter\/","headline":"Novoro\u010denky maj\u00fa svoj charakter","url":"https:\/\/www.abbazia.cz\/novorocenky-maju-svoj-charakter\/","datePublished":"2024-10-28","dateModified":"2024-10-28","mainEntityOfPage":"https:\/\/www.abbazia.cz\/novorocenky-maju-svoj-charakter\/","author":{"@type":"Person","@id":"https:\/\/www.abbazia.cz\/author\/#Person","name":"","url":"https:\/\/www.abbazia.cz\/author\/","identifier":1,"image":{"@type":"ImageObject","@id":"https:\/\/secure.gravatar.com\/avatar\/baa231f7e1963b29d6549eb0e137b049d877d4e97c51386f463c7d4fc98329bd?s=96&d=mm&r=g","url":"https:\/\/secure.gravatar.com\/avatar\/baa231f7e1963b29d6549eb0e137b049d877d4e97c51386f463c7d4fc98329bd?s=96&d=mm&r=g","height":96,"width":96}},"publisher":{"@type":"Organization","name":"abbazia.cz","logo":{"@type":"ImageObject","@id":"\/logo.png","url":"\/logo.png","width":600,"height":60}},"image":null,"wordCount":270,"keywords":null},{"@type":"Article","@id":"https:\/\/www.abbazia.cz\/nalijte-si-sklenku-stylove\/","headline":"Nalijte si sklenku stylov\u011b","url":"https:\/\/www.abbazia.cz\/nalijte-si-sklenku-stylove\/","datePublished":"2024-10-25","dateModified":"2024-10-25","mainEntityOfPage":"https:\/\/www.abbazia.cz\/nalijte-si-sklenku-stylove\/","author":{"@type":"Person","@id":"https:\/\/www.abbazia.cz\/author\/#Person","name":"","url":"https:\/\/www.abbazia.cz\/author\/","identifier":1,"image":{"@type":"ImageObject","@id":"https:\/\/secure.gravatar.com\/avatar\/baa231f7e1963b29d6549eb0e137b049d877d4e97c51386f463c7d4fc98329bd?s=96&d=mm&r=g","url":"https:\/\/secure.gravatar.com\/avatar\/baa231f7e1963b29d6549eb0e137b049d877d4e97c51386f463c7d4fc98329bd?s=96&d=mm&r=g","height":96,"width":96}},"publisher":{"@type":"Organization","name":"abbazia.cz","logo":{"@type":"ImageObject","@id":"\/logo.png","url":"\/logo.png","width":600,"height":60}},"image":null,"wordCount":296,"keywords":null},{"@type":"Article","@id":"https:\/\/www.abbazia.cz\/vse-pro-vas-bazen\/","headline":"V\u0161e pro v\u00e1\u0161 baz\u00e9n","url":"https:\/\/www.abbazia.cz\/vse-pro-vas-bazen\/","datePublished":"2024-10-12","dateModified":"2024-10-12","mainEntityOfPage":"https:\/\/www.abbazia.cz\/vse-pro-vas-bazen\/","author":{"@type":"Person","@id":"https:\/\/www.abbazia.cz\/author\/#Person","name":"","url":"https:\/\/www.abbazia.cz\/author\/","identifier":1,"image":{"@type":"ImageObject","@id":"https:\/\/secure.gravatar.com\/avatar\/baa231f7e1963b29d6549eb0e137b049d877d4e97c51386f463c7d4fc98329bd?s=96&d=mm&r=g","url":"https:\/\/secure.gravatar.com\/avatar\/baa231f7e1963b29d6549eb0e137b049d877d4e97c51386f463c7d4fc98329bd?s=96&d=mm&r=g","height":96,"width":96}},"publisher":{"@type":"Organization","name":"abbazia.cz","logo":{"@type":"ImageObject","@id":"\/logo.png","url":"\/logo.png","width":600,"height":60}},"image":{"@type":"ImageObject","@id":"https:\/\/www.abbazia.cz\/wp-content\/uploads\/swimming-pool-317449_640_9.jpg","url":"https:\/\/www.abbazia.cz\/wp-content\/uploads\/swimming-pool-317449_640_9.jpg","height":0,"width":0},"wordCount":628,"keywords":null}]},{"@context":"https:\/\/schema.org","@type":"WebSite","@id":"https:\/\/www.abbazia.cz\/#website","name":"Abbazia","url":"https:\/\/www.abbazia.cz","potentialAction":{"@type":"SearchAction","target":"https:\/\/www.abbazia.cz\/?s={search_term_string}","query-input":"required name=search_term_string"}}]