[{"@context":"https:\/\/schema.org\/","@type":"Blog","@id":"https:\/\/www.abbazia.cz#Blog","headline":"Abbazia","description":"\nNa na\u0161\u00ed internetov\u00e9 str\u00e1nce v\u00edme, co pot\u0159ebujete v\u011bd\u011bt, a proto\u017ee to v\u00edme, v\u00edte to d\u00edky n\u00e1m i vy. A v\u00edme, \u017ee je v\u00e1m prosp\u011b\u0161n\u00e9, \u017ee v\u00edte to, co v\u00edte.","url":"https:\/\/www.abbazia.cz","hasPart":[{"@type":"Article","@id":"https:\/\/www.abbazia.cz\/zvyseny-komfort-behem-menstruace\/","headline":"Zv\u00fd\u0161en\u00fd komfort b\u011bhem menstruace","url":"https:\/\/www.abbazia.cz\/zvyseny-komfort-behem-menstruace\/","datePublished":"2023-06-20","dateModified":"2023-07-28","mainEntityOfPage":"https:\/\/www.abbazia.cz\/zvyseny-komfort-behem-menstruace\/","author":{"@type":"Person","@id":"https:\/\/www.abbazia.cz\/author\/#Person","name":"","url":"https:\/\/www.abbazia.cz\/author\/","identifier":1,"image":{"@type":"ImageObject","@id":"https:\/\/secure.gravatar.com\/avatar\/baa231f7e1963b29d6549eb0e137b049d877d4e97c51386f463c7d4fc98329bd?s=96&d=mm&r=g","url":"https:\/\/secure.gravatar.com\/avatar\/baa231f7e1963b29d6549eb0e137b049d877d4e97c51386f463c7d4fc98329bd?s=96&d=mm&r=g","height":96,"width":96}},"publisher":{"@type":"Organization","name":"abbazia.cz","logo":{"@type":"ImageObject","@id":"\/logo.png","url":"\/logo.png","width":600,"height":60}},"image":{"@type":"ImageObject","@id":"https:\/\/www.abbazia.cz\/wp-content\/uploads\/pexels-alena-shekhovtcova-7036540_4.jpg","url":"https:\/\/www.abbazia.cz\/wp-content\/uploads\/pexels-alena-shekhovtcova-7036540_4.jpg","height":0,"width":0},"wordCount":512,"keywords":null},{"@type":"Article","@id":"https:\/\/www.abbazia.cz\/kupujeme-novou-televizi\/","headline":"Kupujeme novou televizi","url":"https:\/\/www.abbazia.cz\/kupujeme-novou-televizi\/","datePublished":"2023-05-07","dateModified":"2023-05-07","mainEntityOfPage":"https:\/\/www.abbazia.cz\/kupujeme-novou-televizi\/","author":{"@type":"Person","@id":"https:\/\/www.abbazia.cz\/author\/#Person","name":"","url":"https:\/\/www.abbazia.cz\/author\/","identifier":1,"image":{"@type":"ImageObject","@id":"https:\/\/secure.gravatar.com\/avatar\/baa231f7e1963b29d6549eb0e137b049d877d4e97c51386f463c7d4fc98329bd?s=96&d=mm&r=g","url":"https:\/\/secure.gravatar.com\/avatar\/baa231f7e1963b29d6549eb0e137b049d877d4e97c51386f463c7d4fc98329bd?s=96&d=mm&r=g","height":96,"width":96}},"publisher":{"@type":"Organization","name":"abbazia.cz","logo":{"@type":"ImageObject","@id":"\/logo.png","url":"\/logo.png","width":600,"height":60}},"image":{"@type":"ImageObject","@id":"https:\/\/www.abbazia.cz\/wp-content\/uploads\/img_a342332_w1884_t1555162780.jpg","url":"https:\/\/www.abbazia.cz\/wp-content\/uploads\/img_a342332_w1884_t1555162780.jpg","height":0,"width":0},"wordCount":4548,"keywords":null},{"@type":"Article","@id":"https:\/\/www.abbazia.cz\/veganstvi-jako-zivotni-styl\/","headline":"Veganstv\u00ed jako \u017eivotn\u00ed styl","url":"https:\/\/www.abbazia.cz\/veganstvi-jako-zivotni-styl\/","datePublished":"2023-05-07","dateModified":"2023-05-07","mainEntityOfPage":"https:\/\/www.abbazia.cz\/veganstvi-jako-zivotni-styl\/","author":{"@type":"Person","@id":"https:\/\/www.abbazia.cz\/author\/#Person","name":"","url":"https:\/\/www.abbazia.cz\/author\/","identifier":1,"image":{"@type":"ImageObject","@id":"https:\/\/secure.gravatar.com\/avatar\/baa231f7e1963b29d6549eb0e137b049d877d4e97c51386f463c7d4fc98329bd?s=96&d=mm&r=g","url":"https:\/\/secure.gravatar.com\/avatar\/baa231f7e1963b29d6549eb0e137b049d877d4e97c51386f463c7d4fc98329bd?s=96&d=mm&r=g","height":96,"width":96}},"publisher":{"@type":"Organization","name":"abbazia.cz","logo":{"@type":"ImageObject","@id":"\/logo.png","url":"\/logo.png","width":600,"height":60}},"image":{"@type":"ImageObject","@id":"https:\/\/www.abbazia.cz\/wp-content\/uploads\/img_a336647_w2784_t1549996348.jpg","url":"https:\/\/www.abbazia.cz\/wp-content\/uploads\/img_a336647_w2784_t1549996348.jpg","height":0,"width":0},"wordCount":543,"keywords":null},{"@type":"Article","@id":"https:\/\/www.abbazia.cz\/idealni-rostliny-na-verandy-do-zimnich-zahrad-a-predsini\/","headline":"Ide\u00e1ln\u00ed rostliny na verandy, do zimn\u00edch zahrad a p\u0159eds\u00edn\u00ed","url":"https:\/\/www.abbazia.cz\/idealni-rostliny-na-verandy-do-zimnich-zahrad-a-predsini\/","datePublished":"2023-05-07","dateModified":"2023-05-07","mainEntityOfPage":"https:\/\/www.abbazia.cz\/idealni-rostliny-na-verandy-do-zimnich-zahrad-a-predsini\/","author":{"@type":"Person","@id":"https:\/\/www.abbazia.cz\/author\/#Person","name":"","url":"https:\/\/www.abbazia.cz\/author\/","identifier":1,"image":{"@type":"ImageObject","@id":"https:\/\/secure.gravatar.com\/avatar\/baa231f7e1963b29d6549eb0e137b049d877d4e97c51386f463c7d4fc98329bd?s=96&d=mm&r=g","url":"https:\/\/secure.gravatar.com\/avatar\/baa231f7e1963b29d6549eb0e137b049d877d4e97c51386f463c7d4fc98329bd?s=96&d=mm&r=g","height":96,"width":96}},"publisher":{"@type":"Organization","name":"abbazia.cz","logo":{"@type":"ImageObject","@id":"\/logo.png","url":"\/logo.png","width":600,"height":60}},"image":{"@type":"ImageObject","@id":"https:\/\/www.abbazia.cz\/wp-content\/uploads\/img_a319385_w2562_t1530385512.jpg","url":"https:\/\/www.abbazia.cz\/wp-content\/uploads\/img_a319385_w2562_t1530385512.jpg","height":0,"width":0},"wordCount":526,"keywords":null},{"@type":"Article","@id":"https:\/\/www.abbazia.cz\/prokrastinace\/","headline":"Prokrastinace","url":"https:\/\/www.abbazia.cz\/prokrastinace\/","datePublished":"2023-05-07","dateModified":"2023-05-07","mainEntityOfPage":"https:\/\/www.abbazia.cz\/prokrastinace\/","author":{"@type":"Person","@id":"https:\/\/www.abbazia.cz\/author\/#Person","name":"","url":"https:\/\/www.abbazia.cz\/author\/","identifier":1,"image":{"@type":"ImageObject","@id":"https:\/\/secure.gravatar.com\/avatar\/baa231f7e1963b29d6549eb0e137b049d877d4e97c51386f463c7d4fc98329bd?s=96&d=mm&r=g","url":"https:\/\/secure.gravatar.com\/avatar\/baa231f7e1963b29d6549eb0e137b049d877d4e97c51386f463c7d4fc98329bd?s=96&d=mm&r=g","height":96,"width":96}},"publisher":{"@type":"Organization","name":"abbazia.cz","logo":{"@type":"ImageObject","@id":"\/logo.png","url":"\/logo.png","width":600,"height":60}},"image":{"@type":"ImageObject","@id":"https:\/\/www.abbazia.cz\/wp-content\/uploads\/img_a314728_w2213_t1525768768.jpg","url":"https:\/\/www.abbazia.cz\/wp-content\/uploads\/img_a314728_w2213_t1525768768.jpg","height":0,"width":0},"wordCount":466,"keywords":null},{"@type":"Article","@id":"https:\/\/www.abbazia.cz\/odvaznemu-stesti-preje\/","headline":"Odv\u00e1\u017en\u00e9mu \u0161t\u011bst\u00ed p\u0159eje","url":"https:\/\/www.abbazia.cz\/odvaznemu-stesti-preje\/","datePublished":"2023-05-07","dateModified":"2023-05-07","mainEntityOfPage":"https:\/\/www.abbazia.cz\/odvaznemu-stesti-preje\/","author":{"@type":"Person","@id":"https:\/\/www.abbazia.cz\/author\/#Person","name":"","url":"https:\/\/www.abbazia.cz\/author\/","identifier":1,"image":{"@type":"ImageObject","@id":"https:\/\/secure.gravatar.com\/avatar\/baa231f7e1963b29d6549eb0e137b049d877d4e97c51386f463c7d4fc98329bd?s=96&d=mm&r=g","url":"https:\/\/secure.gravatar.com\/avatar\/baa231f7e1963b29d6549eb0e137b049d877d4e97c51386f463c7d4fc98329bd?s=96&d=mm&r=g","height":96,"width":96}},"publisher":{"@type":"Organization","name":"abbazia.cz","logo":{"@type":"ImageObject","@id":"\/logo.png","url":"\/logo.png","width":600,"height":60}},"image":{"@type":"ImageObject","@id":"https:\/\/www.abbazia.cz\/wp-content\/uploads\/img_a309697_w2063_t1520629650.jpg","url":"https:\/\/www.abbazia.cz\/wp-content\/uploads\/img_a309697_w2063_t1520629650.jpg","height":0,"width":0},"wordCount":485,"keywords":null},{"@type":"Article","@id":"https:\/\/www.abbazia.cz\/zazvor-lek-i-koreni\/","headline":"Z\u00e1zvor l\u00e9k i ko\u0159en\u00ed.","url":"https:\/\/www.abbazia.cz\/zazvor-lek-i-koreni\/","datePublished":"2023-05-07","dateModified":"2023-05-07","mainEntityOfPage":"https:\/\/www.abbazia.cz\/zazvor-lek-i-koreni\/","author":{"@type":"Person","@id":"https:\/\/www.abbazia.cz\/author\/#Person","name":"","url":"https:\/\/www.abbazia.cz\/author\/","identifier":1,"image":{"@type":"ImageObject","@id":"https:\/\/secure.gravatar.com\/avatar\/baa231f7e1963b29d6549eb0e137b049d877d4e97c51386f463c7d4fc98329bd?s=96&d=mm&r=g","url":"https:\/\/secure.gravatar.com\/avatar\/baa231f7e1963b29d6549eb0e137b049d877d4e97c51386f463c7d4fc98329bd?s=96&d=mm&r=g","height":96,"width":96}},"publisher":{"@type":"Organization","name":"abbazia.cz","logo":{"@type":"ImageObject","@id":"\/logo.png","url":"\/logo.png","width":600,"height":60}},"image":{"@type":"ImageObject","@id":"https:\/\/www.abbazia.cz\/wp-content\/uploads\/img_a302332_w1743_t1512214731.jpg","url":"https:\/\/www.abbazia.cz\/wp-content\/uploads\/img_a302332_w1743_t1512214731.jpg","height":0,"width":0},"wordCount":2352,"keywords":null},{"@type":"Article","@id":"https:\/\/www.abbazia.cz\/co-plati-na-vsi\/","headline":"Co plat\u00ed na v\u0161i","url":"https:\/\/www.abbazia.cz\/co-plati-na-vsi\/","datePublished":"2023-05-07","dateModified":"2023-05-07","mainEntityOfPage":"https:\/\/www.abbazia.cz\/co-plati-na-vsi\/","author":{"@type":"Person","@id":"https:\/\/www.abbazia.cz\/author\/#Person","name":"","url":"https:\/\/www.abbazia.cz\/author\/","identifier":1,"image":{"@type":"ImageObject","@id":"https:\/\/secure.gravatar.com\/avatar\/baa231f7e1963b29d6549eb0e137b049d877d4e97c51386f463c7d4fc98329bd?s=96&d=mm&r=g","url":"https:\/\/secure.gravatar.com\/avatar\/baa231f7e1963b29d6549eb0e137b049d877d4e97c51386f463c7d4fc98329bd?s=96&d=mm&r=g","height":96,"width":96}},"publisher":{"@type":"Organization","name":"abbazia.cz","logo":{"@type":"ImageObject","@id":"\/logo.png","url":"\/logo.png","width":600,"height":60}},"image":{"@type":"ImageObject","@id":"https:\/\/www.abbazia.cz\/wp-content\/uploads\/img_a301219_w2214_t1511297982.png","url":"https:\/\/www.abbazia.cz\/wp-content\/uploads\/img_a301219_w2214_t1511297982.png","height":0,"width":0},"wordCount":545,"keywords":null},{"@type":"Article","@id":"https:\/\/www.abbazia.cz\/tanecni-hodiny-pro-dospele\/","headline":"Tane\u010dn\u00ed hodiny pro dosp\u011bl\u00e9","url":"https:\/\/www.abbazia.cz\/tanecni-hodiny-pro-dospele\/","datePublished":"2023-05-07","dateModified":"2023-05-07","mainEntityOfPage":"https:\/\/www.abbazia.cz\/tanecni-hodiny-pro-dospele\/","author":{"@type":"Person","@id":"https:\/\/www.abbazia.cz\/author\/#Person","name":"","url":"https:\/\/www.abbazia.cz\/author\/","identifier":1,"image":{"@type":"ImageObject","@id":"https:\/\/secure.gravatar.com\/avatar\/baa231f7e1963b29d6549eb0e137b049d877d4e97c51386f463c7d4fc98329bd?s=96&d=mm&r=g","url":"https:\/\/secure.gravatar.com\/avatar\/baa231f7e1963b29d6549eb0e137b049d877d4e97c51386f463c7d4fc98329bd?s=96&d=mm&r=g","height":96,"width":96}},"publisher":{"@type":"Organization","name":"abbazia.cz","logo":{"@type":"ImageObject","@id":"\/logo.png","url":"\/logo.png","width":600,"height":60}},"image":{"@type":"ImageObject","@id":"https:\/\/www.abbazia.cz\/wp-content\/uploads\/img_a295157_w2093_t1506720112.jpg","url":"https:\/\/www.abbazia.cz\/wp-content\/uploads\/img_a295157_w2093_t1506720112.jpg","height":0,"width":0},"wordCount":688,"keywords":null},{"@type":"Article","@id":"https:\/\/www.abbazia.cz\/svatby-jak-je-neznate\/","headline":"Svatby, jak je nezn\u00e1te","url":"https:\/\/www.abbazia.cz\/svatby-jak-je-neznate\/","datePublished":"2023-05-07","dateModified":"2023-05-07","mainEntityOfPage":"https:\/\/www.abbazia.cz\/svatby-jak-je-neznate\/","author":{"@type":"Person","@id":"https:\/\/www.abbazia.cz\/author\/#Person","name":"","url":"https:\/\/www.abbazia.cz\/author\/","identifier":1,"image":{"@type":"ImageObject","@id":"https:\/\/secure.gravatar.com\/avatar\/baa231f7e1963b29d6549eb0e137b049d877d4e97c51386f463c7d4fc98329bd?s=96&d=mm&r=g","url":"https:\/\/secure.gravatar.com\/avatar\/baa231f7e1963b29d6549eb0e137b049d877d4e97c51386f463c7d4fc98329bd?s=96&d=mm&r=g","height":96,"width":96}},"publisher":{"@type":"Organization","name":"abbazia.cz","logo":{"@type":"ImageObject","@id":"\/logo.png","url":"\/logo.png","width":600,"height":60}},"image":{"@type":"ImageObject","@id":"https:\/\/www.abbazia.cz\/wp-content\/uploads\/img_a291692_w2066_t1504121371.jpg","url":"https:\/\/www.abbazia.cz\/wp-content\/uploads\/img_a291692_w2066_t1504121371.jpg","height":0,"width":0},"wordCount":712,"keywords":null}]},{"@context":"https:\/\/schema.org","@type":"WebSite","@id":"https:\/\/www.abbazia.cz\/#website","name":"Abbazia","url":"https:\/\/www.abbazia.cz","potentialAction":{"@type":"SearchAction","target":"https:\/\/www.abbazia.cz\/?s={search_term_string}","query-input":"required name=search_term_string"}}]