{"@context":"https:\/\/schema.org\/","@type":"CollectionPage","@id":"https:\/\/www.abbazia.cz\/zvirata\/#CollectionPage","headline":"Zv\u00ed\u0159ata Category","description":"","url":"https:\/\/www.abbazia.cz\/zvirata\/","hasPart":[{"@type":"Article","@id":"https:\/\/www.abbazia.cz\/africky-snek-jako-skvela-volba-pro-netradicniho-domaciho-mazlicka\/","headline":"Africk\u00fd \u0161nek jako skv\u011bl\u00e1 volba pro netradi\u010dn\u00edho dom\u00e1c\u00edho mazl\u00ed\u010dka","url":"https:\/\/www.abbazia.cz\/africky-snek-jako-skvela-volba-pro-netradicniho-domaciho-mazlicka\/","datePublished":"2022-12-27","dateModified":"2023-07-27","mainEntityOfPage":"https:\/\/www.abbazia.cz\/africky-snek-jako-skvela-volba-pro-netradicniho-domaciho-mazlicka\/","author":{"@type":"Person","@id":"https:\/\/www.abbazia.cz\/author\/#Person","name":"","url":"https:\/\/www.abbazia.cz\/author\/","identifier":1,"image":{"@type":"ImageObject","@id":"https:\/\/secure.gravatar.com\/avatar\/baa231f7e1963b29d6549eb0e137b049d877d4e97c51386f463c7d4fc98329bd?s=96&d=mm&r=g","url":"https:\/\/secure.gravatar.com\/avatar\/baa231f7e1963b29d6549eb0e137b049d877d4e97c51386f463c7d4fc98329bd?s=96&d=mm&r=g","height":96,"width":96}},"publisher":{"@type":"Organization","name":"abbazia.cz","logo":{"@type":"ImageObject","@id":"\/logo.png","url":"\/logo.png","width":600,"height":60}},"image":{"@type":"ImageObject","@id":"https:\/\/www.abbazia.cz\/wp-content\/uploads\/unnamed_8.jpg","url":"https:\/\/www.abbazia.cz\/wp-content\/uploads\/unnamed_8.jpg","height":0,"width":0},"keywords":null},{"@type":"Article","@id":"https:\/\/www.abbazia.cz\/kralik\/","headline":"Kr\u00e1l\u00edk","url":"https:\/\/www.abbazia.cz\/kralik\/","datePublished":"2022-08-16","dateModified":"2023-05-07","mainEntityOfPage":"https:\/\/www.abbazia.cz\/kralik\/","author":{"@type":"Person","@id":"https:\/\/www.abbazia.cz\/author\/#Person","name":"","url":"https:\/\/www.abbazia.cz\/author\/","identifier":1,"image":{"@type":"ImageObject","@id":"https:\/\/secure.gravatar.com\/avatar\/baa231f7e1963b29d6549eb0e137b049d877d4e97c51386f463c7d4fc98329bd?s=96&d=mm&r=g","url":"https:\/\/secure.gravatar.com\/avatar\/baa231f7e1963b29d6549eb0e137b049d877d4e97c51386f463c7d4fc98329bd?s=96&d=mm&r=g","height":96,"width":96}},"publisher":{"@type":"Organization","name":"abbazia.cz","logo":{"@type":"ImageObject","@id":"\/logo.png","url":"\/logo.png","width":600,"height":60}},"image":{"@type":"ImageObject","@id":"https:\/\/www.abbazia.cz\/wp-content\/uploads\/rabbit-373691_960_720.jpg","url":"https:\/\/www.abbazia.cz\/wp-content\/uploads\/rabbit-373691_960_720.jpg","height":0,"width":0},"keywords":null},{"@type":"Article","@id":"https:\/\/www.abbazia.cz\/zvladnete-se-starat-o-netypicke-zvire-pro-chov\/","headline":"Zvl\u00e1dnete se starat o netypick\u00e9 zv\u00ed\u0159e pro chov?","url":"https:\/\/www.abbazia.cz\/zvladnete-se-starat-o-netypicke-zvire-pro-chov\/","datePublished":"2021-12-22","dateModified":"2023-05-07","mainEntityOfPage":"https:\/\/www.abbazia.cz\/zvladnete-se-starat-o-netypicke-zvire-pro-chov\/","author":{"@type":"Person","@id":"https:\/\/www.abbazia.cz\/author\/#Person","name":"","url":"https:\/\/www.abbazia.cz\/author\/","identifier":1,"image":{"@type":"ImageObject","@id":"https:\/\/secure.gravatar.com\/avatar\/baa231f7e1963b29d6549eb0e137b049d877d4e97c51386f463c7d4fc98329bd?s=96&d=mm&r=g","url":"https:\/\/secure.gravatar.com\/avatar\/baa231f7e1963b29d6549eb0e137b049d877d4e97c51386f463c7d4fc98329bd?s=96&d=mm&r=g","height":96,"width":96}},"publisher":{"@type":"Organization","name":"abbazia.cz","logo":{"@type":"ImageObject","@id":"\/logo.png","url":"\/logo.png","width":600,"height":60}},"image":{"@type":"ImageObject","@id":"https:\/\/www.abbazia.cz\/wp-content\/uploads\/skunk-2.jpg","url":"https:\/\/www.abbazia.cz\/wp-content\/uploads\/skunk-2.jpg","height":0,"width":0},"keywords":null},{"@type":"Article","@id":"https:\/\/www.abbazia.cz\/kral-mezi-tygry\/","headline":"Kr\u00e1l mezi tygry","url":"https:\/\/www.abbazia.cz\/kral-mezi-tygry\/","datePublished":"2019-09-16","dateModified":"2023-05-07","mainEntityOfPage":"https:\/\/www.abbazia.cz\/kral-mezi-tygry\/","author":{"@type":"Person","@id":"https:\/\/www.abbazia.cz\/author\/#Person","name":"","url":"https:\/\/www.abbazia.cz\/author\/","identifier":1,"image":{"@type":"ImageObject","@id":"https:\/\/secure.gravatar.com\/avatar\/baa231f7e1963b29d6549eb0e137b049d877d4e97c51386f463c7d4fc98329bd?s=96&d=mm&r=g","url":"https:\/\/secure.gravatar.com\/avatar\/baa231f7e1963b29d6549eb0e137b049d877d4e97c51386f463c7d4fc98329bd?s=96&d=mm&r=g","height":96,"width":96}},"publisher":{"@type":"Organization","name":"abbazia.cz","logo":{"@type":"ImageObject","@id":"\/logo.png","url":"\/logo.png","width":600,"height":60}},"image":{"@type":"ImageObject","@id":"https:\/\/www.abbazia.cz\/wp-content\/uploads\/img_a354830_w2970_t1569338494.jpg","url":"https:\/\/www.abbazia.cz\/wp-content\/uploads\/img_a354830_w2970_t1569338494.jpg","height":0,"width":0},"keywords":null}]}